{"id":175316,"date":"2022-10-19T05:10:28","date_gmt":"2022-10-19T09:10:28","guid":{"rendered":"https:\/\/mspontocom.com.br\/site\/?p=175316"},"modified":"2022-10-19T07:24:18","modified_gmt":"2022-10-19T11:24:18","slug":"veja-o-green-card-alemao-criado-para-atrair-trabalhadores-nao-europeus","status":"publish","type":"post","link":"https:\/\/mspontocom.com.br\/site\/veja-o-green-card-alemao-criado-para-atrair-trabalhadores-nao-europeus\/","title":{"rendered":"Veja o \u201cGreen Card\u201d alem\u00e3o, criado para atrair trabalhadores n\u00e3o europeus"},"content":{"rendered":"<p style=\"text-align: justify;\"><img loading=\"lazy\" class=\"alignnone size-medium wp-image-175322\" src=\"https:\/\/mspontocom.com.br\/site\/wp-content\/uploads\/2022\/10\/site-veja-o-green-card-alemao-criado-para-atrair-trabalhadores-nao-europeus-alemanha-260x173.jpg\" alt=\"\" width=\"260\" height=\"173\" srcset=\"https:\/\/mspontocom.com.br\/site\/wp-content\/uploads\/2022\/10\/site-veja-o-green-card-alemao-criado-para-atrair-trabalhadores-nao-europeus-alemanha-260x173.jpg 260w, https:\/\/mspontocom.com.br\/site\/wp-content\/uploads\/2022\/10\/site-veja-o-green-card-alemao-criado-para-atrair-trabalhadores-nao-europeus-alemanha-768x512.jpg 768w, https:\/\/mspontocom.com.br\/site\/wp-content\/uploads\/2022\/10\/site-veja-o-green-card-alemao-criado-para-atrair-trabalhadores-nao-europeus-alemanha.jpg 800w\" sizes=\"(max-width: 260px) 100vw, 260px\" \/><\/p>\n<p style=\"text-align: justify;\">A<strong>\u00a0Alemanha<\/strong>\u00a0sofre h\u00e1 anos com a falta de m\u00e3o de obra e por isso sempre buscou outros cidad\u00e3os europeus para trabalharem no pa\u00eds.<\/p>\n<p style=\"text-align: justify;\">Contudo, o pa\u00eds alterou as pol\u00edticas de imigra\u00e7\u00e3o, tornando mais flex\u00edvel a chegada de pessoas n\u00e3o europeias. Saiba mais sobre o <strong>\u201cGreen Card\u201d alem\u00e3o,<\/strong> criado para atrair trabalhadores extrangeiros, o que inclui brasileiros.<\/p>\n<p style=\"text-align: justify;\">Em setembro, Hubertus Heil, ministro federal do Trabalho e Assuntos Sociais da Alemanha, falou sobre a cria\u00e7\u00e3o do \u201cGreen Card\u201d, conhecido como\u00a0<strong>Chancekarte<\/strong>\u00a0em alem\u00e3o. O documento funcionaria como o\u00a0<a href=\"https:\/\/jcconcursos.com.br\/noticia\/brasil\/quer-trabalhar-nos-estados-unidos-conheca-principais-areas-de-atuacao-100812\" target=\"_blank\" rel=\"noopener\">green card<\/a>\u00a0emitido pelos\u00a0<a href=\"https:\/\/jcconcursos.com.br\/noticia\/empregos\/sonha-em-trabalhar-na-disney-saiba-onde-encontrar-vagas-100732\" target=\"_blank\" rel=\"noopener\">Estados Unidos<\/a>, que tem como objetivo atrair profissionais especializados.<\/p>\n<p style=\"text-align: justify;\">O visto tamb\u00e9m vai permitir que estrangeiros entrem no pa\u00eds sem ter uma oferta de entrada, ou seja, sem j\u00e1 ter um emprego em vista. Permitindo dessa forma, que os estrangeiros busquem trabalho na Alemanha, evitando assim, que os candidatos fa\u00e7am as etapas de um processo seletivo no exterior.<\/p>\n<p style=\"text-align: justify;\">O documento ser\u00e1 lan\u00e7ado oficialmente este ano. Para conseguir o visto, vai ser preciso que o candidato preencha tr\u00eas de quatro requisitos, que s\u00e3o:<\/p>\n<ul style=\"text-align: justify;\">\n<li>\u00a0Possuir diploma universit\u00e1rio;<\/li>\n<li>\u00a0Saber falar alem\u00e3o ou ter morado no Alemanha;<\/li>\n<li>\u00a0Tr\u00eas anos de experi\u00eancia profissional;<\/li>\n<li>\u00a0Ter menos de 35 anos;<\/li>\n<\/ul>\n<p style=\"text-align: justify;\">Al\u00e9m disso, quem entrar com o pedido de visto precisa comprovar que pode se sustentar no tempo que estiver na Alemanha buscando um emprego.<\/p>\n<h2 style=\"text-align: justify;\">Quais \u00e1reas possuem mais oportunidades<\/h2>\n<p style=\"text-align: justify;\">Os setores mais afetados pela falta de m\u00e3o de obra, segundo o levantamento feito pela Associa\u00e7\u00e3o das C\u00e2maras de Com\u00e9rcio e Ind\u00fastria Alem\u00e3s (DIHK), s\u00e3o as \u00e1reas de constru\u00e7\u00e3o, transporte, hotelaria, sa\u00fade e servi\u00e7os sociais. Tamb\u00e9m \u00e9 citado profiss\u00f5es como arquitetos, engenheiros civis, eletricistas, economistas, assistentes de produ\u00e7\u00e3o e gerentes de vendas.<\/p>\n<p style=\"text-align: justify;\">Atualmente, um dos principais problemas que a Alemanha sofre, \u00e9 o envelhecimento da sua popula\u00e7\u00e3o. Isso faz com que saia mais pessoas do mercado de trabalho do que entrem.<\/p>\n<p style=\"text-align: justify;\">\n<p style=\"text-align: justify;\">fonte: VICTORIA BATALHA, JC<\/p>\n","protected":false},"excerpt":{"rendered":"<p>A\u00a0Alemanha\u00a0sofre h\u00e1 anos com a falta de m\u00e3o de obra e por isso sempre buscou outros cidad\u00e3os europeus para trabalharem no pa\u00eds. Contudo, o pa\u00eds alterou as pol\u00edticas de imigra\u00e7\u00e3o, tornando mais flex\u00edvel a chegada de pessoas n\u00e3o europeias. Saiba mais sobre o \u201cGreen Card\u201d alem\u00e3o, criado para atrair trabalhadores extrangeiros, o que inclui brasileiros. [&hellip;]<\/p>\n","protected":false},"author":2,"featured_media":175322,"comment_status":"open","ping_status":"open","sticky":false,"template":"","format":"standard","meta":{"_monsterinsights_skip_tracking":false,"_monsterinsights_sitenote_active":false,"_monsterinsights_sitenote_note":"","_monsterinsights_sitenote_category":0},"categories":[1,7],"tags":[2059,348,38620],"aioseo_notices":[],"_links":{"self":[{"href":"https:\/\/mspontocom.com.br\/site\/wp-json\/wp\/v2\/posts\/175316"}],"collection":[{"href":"https:\/\/mspontocom.com.br\/site\/wp-json\/wp\/v2\/posts"}],"about":[{"href":"https:\/\/mspontocom.com.br\/site\/wp-json\/wp\/v2\/types\/post"}],"author":[{"embeddable":true,"href":"https:\/\/mspontocom.com.br\/site\/wp-json\/wp\/v2\/users\/2"}],"replies":[{"embeddable":true,"href":"https:\/\/mspontocom.com.br\/site\/wp-json\/wp\/v2\/comments?post=175316"}],"version-history":[{"count":2,"href":"https:\/\/mspontocom.com.br\/site\/wp-json\/wp\/v2\/posts\/175316\/revisions"}],"predecessor-version":[{"id":175323,"href":"https:\/\/mspontocom.com.br\/site\/wp-json\/wp\/v2\/posts\/175316\/revisions\/175323"}],"wp:featuredmedia":[{"embeddable":true,"href":"https:\/\/mspontocom.com.br\/site\/wp-json\/wp\/v2\/media\/175322"}],"wp:attachment":[{"href":"https:\/\/mspontocom.com.br\/site\/wp-json\/wp\/v2\/media?parent=175316"}],"wp:term":[{"taxonomy":"category","embeddable":true,"href":"https:\/\/mspontocom.com.br\/site\/wp-json\/wp\/v2\/categories?post=175316"},{"taxonomy":"post_tag","embeddable":true,"href":"https:\/\/mspontocom.com.br\/site\/wp-json\/wp\/v2\/tags?post=175316"}],"curies":[{"name":"wp","href":"https:\/\/api.w.org\/{rel}","templated":true}]}}