{"id":176002,"date":"2022-11-15T06:11:33","date_gmt":"2022-11-15T10:11:33","guid":{"rendered":"https:\/\/mspontocom.com.br\/site\/?p=176002"},"modified":"2022-11-15T06:11:33","modified_gmt":"2022-11-15T10:11:33","slug":"a-boca-livre-dos-ministros-do-stf-em-ny-por-jr-guzzo","status":"publish","type":"post","link":"https:\/\/mspontocom.com.br\/site\/a-boca-livre-dos-ministros-do-stf-em-ny-por-jr-guzzo\/","title":{"rendered":"A boca-livre dos ministros do STF em NY,  por JR Guzzo"},"content":{"rendered":"<p style=\"text-align: justify;\"><strong><img loading=\"lazy\" class=\"alignnone size-medium wp-image-175987\" src=\"https:\/\/mspontocom.com.br\/site\/wp-content\/uploads\/2022\/11\/site-stf-abre-licitacao-milionaria-para-contratar-seguranca-privada-armada-stf1-260x146.jpg\" alt=\"\" width=\"260\" height=\"146\" srcset=\"https:\/\/mspontocom.com.br\/site\/wp-content\/uploads\/2022\/11\/site-stf-abre-licitacao-milionaria-para-contratar-seguranca-privada-armada-stf1-260x146.jpg 260w, https:\/\/mspontocom.com.br\/site\/wp-content\/uploads\/2022\/11\/site-stf-abre-licitacao-milionaria-para-contratar-seguranca-privada-armada-stf1-768x432.jpg 768w, https:\/\/mspontocom.com.br\/site\/wp-content\/uploads\/2022\/11\/site-stf-abre-licitacao-milionaria-para-contratar-seguranca-privada-armada-stf1.jpg 1024w\" sizes=\"(max-width: 260px) 100vw, 260px\" \/><\/strong><\/p>\n<p style=\"text-align: justify;\"><strong>(Artigo de\u00a0<em>J. R. Guzzo<\/em>\u00a0publicado no jornal\u00a0<em>Gazeta do Povo<\/em>\u00a0em 14 de novembro de 2022)<\/strong><\/p>\n<p style=\"text-align: justify;\">Seis ministros do STF, nada menos que seis, e tudo de uma vez s\u00f3, est\u00e3o participando de um dos mais constrangedores momentos jamais vividos pela suprema corte do Brasil \u2014 uma boca livre expl\u00edcita, na base do \u201ctudo pago\u201d, em Nova York.<\/p>\n<p style=\"text-align: justify;\">A coisa se chama \u201cO Brasil e o Respeito \u00e0 Democracia e a Liberdade\u201d; s\u00e3o umas palestras dos ministros para elogiar a si pr\u00f3prios e cantar os seus atos de hero\u00edsmo na guerra que movem h\u00e1 quatro anos contra o governo de Jair Bolsonaro e a favor da volta de Lula \u00e0 presid\u00eancia da Rep\u00fablica.<\/p>\n<p style=\"text-align: justify;\">\u00c9 coisa de dar vergonha \u2014 se ainda houvesse algu\u00e9m capaz de sentir vergonha nessa hist\u00f3ria toda.<\/p>\n<p style=\"text-align: justify;\"><a href=\"https:\/\/portal.stf.jus.br\/\" target=\"_blank\" rel=\"noopener\"><strong>Os ministros<\/strong><\/a>, muito simplesmente, est\u00e3o participando de um empreendimento comercial, armado pela empresa de eventos do ex-governador Jo\u00e3o Doria \u2014 especializada em vender para grandes empresas cotas de \u201cparticipa\u00e7\u00e3o\u201d em semin\u00e1rios e coisas assim. N\u00e3o pode.<\/p>\n<p style=\"text-align: justify;\">N\u00e3o \u00e9 apenas um desastre moral, com os ministros se beneficiando de uma viagem para Nova York, com acompanhante e bandos de seguran\u00e7as. \u00c9 contra a lei, que veda aos magistrados brasileiros a participa\u00e7\u00e3o em atividades de cunho lucrativo. Mas quem \u00e9 que se preocupa com a lei no STF de hoje?<\/p>\n<p style=\"text-align: justify;\">O piquenique internacional Doria\u2013Supremo \u00e9 um desses momentos, cada vez mais frequentes, em que os ju\u00edzes do STF se mostram como aquilo que realmente s\u00e3o \u2014 pequenos chefetes de rep\u00fablica bananeira, que fazem cara de \u201cPrimeiro Mundo\u201d civilizado e s\u00e3o apenas um caso de subdesenvolvimento que n\u00e3o tem cura.<\/p>\n<p style=\"text-align: justify;\">O \u201cevento\u201d \u00e9 em Nova York, mas as palestras s\u00e3o em portugu\u00eas. O apresentador contratado \u00e9 brasileiro.<\/p>\n<p style=\"text-align: justify;\">A plateia tamb\u00e9m \u2014 ou seja, todos poderiam perfeitamente ficar por aqui mesmo para ouvir os manifestos de Suas Excel\u00eancias, mas peixe gordo de Terceiro Mundo nunca resiste a este tipo de festa na laje.<\/p>\n<p style=\"text-align: justify;\">De mais a mais, as empresas que pagaram o passeio dos ministros ficam prontas a lembrar, caso tenham amanh\u00e3 alguma causa no STF (amanh\u00e3 ou hoje mesmo) que foram elas que permitiram a festa. \u00c9 uma coisa grosseira. Passa na cabe\u00e7a de algu\u00e9m que magistrados das cortes supremas de alguma na\u00e7\u00e3o s\u00e9ria deste mundo aceitem participar de um neg\u00f3cio como esse?<\/p>\n<div class=\"ad-wrap ad-\">\n<div id=\"div-gam-materia_2\" class=\"jms-ad\" data-slot-id=\"div-gam-materia_2\" data-google-query-id=\"CMuQq6b2r_sCFRa5lQIdJKkAdg\">\n<div id=\"google_ads_iframe_\/22388345455\/materia_2_0__container__\" style=\"text-align: justify;\">Os ministros, enfiados em suas roupas de brasileiro que viaja para os Estados Unidos em \u00e9poca de frio, foram chamados de \u201cbandido\u201d, \u201cladr\u00e3o\u201d e \u201cvagabundo\u201d \u00e0s portas do hotel, em bares e nas ruas de Nova York, para onde foram j\u00e1 no fim de semana; est\u00e3o hoje, seguramente, entre as figuras mais detestadas da vida p\u00fablica nacional.<\/div>\n<div style=\"text-align: justify;\"><\/div>\n<div style=\"text-align: justify;\">Se pensavam que isso se limita ao Brasil, est\u00e3o enganados \u2014 os manifestantes brasileiros, capazes de reunir milhares de pessoas num protesto em plena Times Square, n\u00e3o lhes deram sossego. (Em Nova York o ministro Alexandre de Moraes n\u00e3o pode mandar que a pol\u00edcia impe\u00e7a manifesta\u00e7\u00f5es contra \u201cas institui\u00e7\u00f5es democr\u00e1ticas; ningu\u00e9m l\u00e1 entendeu, tamb\u00e9m, que diabo uns ju\u00edzes brasileiros estariam fazendo na sua cidade.<\/div>\n<div style=\"text-align: justify;\"><\/div>\n<div style=\"text-align: justify;\">Por que n\u00e3o ficam no Brasil?) \u00c9 um pren\u00fancio do que vai acontecer na pr\u00f3xima vez que estiverem l\u00e1, ou em outro grande centro internacional. Os ministros do STF n\u00e3o podem, j\u00e1 h\u00e1 muito tempo, andar nas ruas de seu pr\u00f3prio pa\u00eds \u2014 est\u00e3o sempre cercados por vaias, xingat\u00f3rio e manifesta\u00e7\u00f5es de desprezo. Est\u00e3o vendo, agora, que tamb\u00e9m em Nova York a vida n\u00e3o est\u00e1 f\u00e1cil.<\/div>\n<\/div>\n<\/div>\n","protected":false},"excerpt":{"rendered":"<p>(Artigo de\u00a0J. R. Guzzo\u00a0publicado no jornal\u00a0Gazeta do Povo\u00a0em 14 de novembro de 2022) Seis ministros do STF, nada menos que seis, e tudo de uma vez s\u00f3, est\u00e3o participando de um dos mais constrangedores momentos jamais vividos pela suprema corte do Brasil \u2014 uma boca livre expl\u00edcita, na base do \u201ctudo pago\u201d, em Nova York. [&hellip;]<\/p>\n","protected":false},"author":2,"featured_media":175987,"comment_status":"open","ping_status":"open","sticky":false,"template":"","format":"standard","meta":{"_monsterinsights_skip_tracking":false,"_monsterinsights_sitenote_active":false,"_monsterinsights_sitenote_note":"","_monsterinsights_sitenote_category":0},"categories":[30260,2528,30259],"tags":[17132,38719,38070,587,3014],"aioseo_notices":[],"_links":{"self":[{"href":"https:\/\/mspontocom.com.br\/site\/wp-json\/wp\/v2\/posts\/176002"}],"collection":[{"href":"https:\/\/mspontocom.com.br\/site\/wp-json\/wp\/v2\/posts"}],"about":[{"href":"https:\/\/mspontocom.com.br\/site\/wp-json\/wp\/v2\/types\/post"}],"author":[{"embeddable":true,"href":"https:\/\/mspontocom.com.br\/site\/wp-json\/wp\/v2\/users\/2"}],"replies":[{"embeddable":true,"href":"https:\/\/mspontocom.com.br\/site\/wp-json\/wp\/v2\/comments?post=176002"}],"version-history":[{"count":2,"href":"https:\/\/mspontocom.com.br\/site\/wp-json\/wp\/v2\/posts\/176002\/revisions"}],"predecessor-version":[{"id":176004,"href":"https:\/\/mspontocom.com.br\/site\/wp-json\/wp\/v2\/posts\/176002\/revisions\/176004"}],"wp:featuredmedia":[{"embeddable":true,"href":"https:\/\/mspontocom.com.br\/site\/wp-json\/wp\/v2\/media\/175987"}],"wp:attachment":[{"href":"https:\/\/mspontocom.com.br\/site\/wp-json\/wp\/v2\/media?parent=176002"}],"wp:term":[{"taxonomy":"category","embeddable":true,"href":"https:\/\/mspontocom.com.br\/site\/wp-json\/wp\/v2\/categories?post=176002"},{"taxonomy":"post_tag","embeddable":true,"href":"https:\/\/mspontocom.com.br\/site\/wp-json\/wp\/v2\/tags?post=176002"}],"curies":[{"name":"wp","href":"https:\/\/api.w.org\/{rel}","templated":true}]}}