{"id":176011,"date":"2022-11-15T06:46:47","date_gmt":"2022-11-15T10:46:47","guid":{"rendered":"https:\/\/mspontocom.com.br\/site\/?p=176011"},"modified":"2022-11-15T06:46:47","modified_gmt":"2022-11-15T10:46:47","slug":"hang-vai-a-justica-contra-site-que-o-envolveu-em-protestos-de-caminhoneiros","status":"publish","type":"post","link":"https:\/\/mspontocom.com.br\/site\/hang-vai-a-justica-contra-site-que-o-envolveu-em-protestos-de-caminhoneiros\/","title":{"rendered":"Hang vai \u00e0 Justi\u00e7a contra site que o envolveu em protestos de caminhoneiros"},"content":{"rendered":"<p style=\"text-align: justify;\"><img loading=\"lazy\" class=\"alignnone size-medium wp-image-176012\" src=\"https:\/\/mspontocom.com.br\/site\/wp-content\/uploads\/2022\/11\/site-luciano-hang-vai-a-justica-contra-site-e-pede-r-200-mil-em-indenizacao-hang-e1668508949337-260x188.jpg\" alt=\"\" width=\"260\" height=\"188\" srcset=\"https:\/\/mspontocom.com.br\/site\/wp-content\/uploads\/2022\/11\/site-luciano-hang-vai-a-justica-contra-site-e-pede-r-200-mil-em-indenizacao-hang-e1668508949337-260x188.jpg 260w, https:\/\/mspontocom.com.br\/site\/wp-content\/uploads\/2022\/11\/site-luciano-hang-vai-a-justica-contra-site-e-pede-r-200-mil-em-indenizacao-hang-e1668508949337-768x555.jpg 768w, https:\/\/mspontocom.com.br\/site\/wp-content\/uploads\/2022\/11\/site-luciano-hang-vai-a-justica-contra-site-e-pede-r-200-mil-em-indenizacao-hang-e1668508949337.jpg 979w\" sizes=\"(max-width: 260px) 100vw, 260px\" \/><\/p>\n<p style=\"text-align: justify;\">O empres\u00e1rio <strong>Luciano Hang,<\/strong> dono das <strong>lojas Havan<\/strong>, foi \u00e0 Justi\u00e7a pedir indeniza\u00e7\u00e3o por danos morais contra o site Ag\u00eancia P\u00fablica e \u00e0s jornalistas Alice Maciel e Clarissa Levy.<\/p>\n<p style=\"text-align: justify;\">Na \u00faltima semana, as jornalistas publicaram uma reportagem intitulada \u201cAliado de Bolsonaro, Luciano Hang enviou caminh\u00f5es para ato golpista, segundo PRF\u201d.<\/p>\n<p style=\"text-align: justify;\">O empres\u00e1rio, no entanto, afirma que n\u00e3o participou, enviou caminh\u00f5es ou financiou nenhum ato ou manifesta\u00e7\u00e3o ap\u00f3s as elei\u00e7\u00f5es e muito menos bloqueio de rodovias.<\/p>\n<p style=\"text-align: justify;\">Na a\u00e7\u00e3o, a defesa do empres\u00e1rio re\u00fane provas de que a reportagem \u00e9 completamente falsa, que fere o princ\u00edpio b\u00e1sico do jornalismo de informar com seriedade, induzindo a sociedade ao erro.<\/p>\n<p style=\"text-align: justify;\">A a\u00e7\u00e3o foi protocolada na Vara C\u00edvel da Comarca de Brusque e o pedido de indeniza\u00e7\u00e3o feito pelo empres\u00e1rio \u00e9 de R$ 200 mil.<\/p>\n<p style=\"text-align: justify;\">No processo, Hang pede ainda a retira do ar das publica\u00e7\u00f5es feitas no site e na rede social <strong>Twitter<\/strong> da jornalista Alice Maciel.<\/p>\n","protected":false},"excerpt":{"rendered":"<p>O empres\u00e1rio Luciano Hang, dono das lojas Havan, foi \u00e0 Justi\u00e7a pedir indeniza\u00e7\u00e3o por danos morais contra o site Ag\u00eancia P\u00fablica e \u00e0s jornalistas Alice Maciel e Clarissa Levy. Na \u00faltima semana, as jornalistas publicaram uma reportagem intitulada \u201cAliado de Bolsonaro, Luciano Hang enviou caminh\u00f5es para ato golpista, segundo PRF\u201d. O empres\u00e1rio, no entanto, afirma [&hellip;]<\/p>\n","protected":false},"author":2,"featured_media":176012,"comment_status":"open","ping_status":"open","sticky":false,"template":"","format":"standard","meta":{"_monsterinsights_skip_tracking":false,"_monsterinsights_sitenote_active":false,"_monsterinsights_sitenote_note":"","_monsterinsights_sitenote_category":0},"categories":[2528],"tags":[5584,37825,1220,1350,1886],"aioseo_notices":[],"_links":{"self":[{"href":"https:\/\/mspontocom.com.br\/site\/wp-json\/wp\/v2\/posts\/176011"}],"collection":[{"href":"https:\/\/mspontocom.com.br\/site\/wp-json\/wp\/v2\/posts"}],"about":[{"href":"https:\/\/mspontocom.com.br\/site\/wp-json\/wp\/v2\/types\/post"}],"author":[{"embeddable":true,"href":"https:\/\/mspontocom.com.br\/site\/wp-json\/wp\/v2\/users\/2"}],"replies":[{"embeddable":true,"href":"https:\/\/mspontocom.com.br\/site\/wp-json\/wp\/v2\/comments?post=176011"}],"version-history":[{"count":1,"href":"https:\/\/mspontocom.com.br\/site\/wp-json\/wp\/v2\/posts\/176011\/revisions"}],"predecessor-version":[{"id":176013,"href":"https:\/\/mspontocom.com.br\/site\/wp-json\/wp\/v2\/posts\/176011\/revisions\/176013"}],"wp:featuredmedia":[{"embeddable":true,"href":"https:\/\/mspontocom.com.br\/site\/wp-json\/wp\/v2\/media\/176012"}],"wp:attachment":[{"href":"https:\/\/mspontocom.com.br\/site\/wp-json\/wp\/v2\/media?parent=176011"}],"wp:term":[{"taxonomy":"category","embeddable":true,"href":"https:\/\/mspontocom.com.br\/site\/wp-json\/wp\/v2\/categories?post=176011"},{"taxonomy":"post_tag","embeddable":true,"href":"https:\/\/mspontocom.com.br\/site\/wp-json\/wp\/v2\/tags?post=176011"}],"curies":[{"name":"wp","href":"https:\/\/api.w.org\/{rel}","templated":true}]}}