{"id":176437,"date":"2022-12-03T05:53:50","date_gmt":"2022-12-03T09:53:50","guid":{"rendered":"https:\/\/mspontocom.com.br\/site\/?p=176437"},"modified":"2022-12-03T05:53:50","modified_gmt":"2022-12-03T09:53:50","slug":"pgr-e-contra-multa-a-manifestantes-pro-intervencao-militar","status":"publish","type":"post","link":"https:\/\/mspontocom.com.br\/site\/pgr-e-contra-multa-a-manifestantes-pro-intervencao-militar\/","title":{"rendered":"PGR \u00e9 contra multa a manifestantes pr\u00f3-interven\u00e7\u00e3o militar"},"content":{"rendered":"<p style=\"text-align: justify;\"><img loading=\"lazy\" class=\"alignnone size-medium wp-image-176447\" src=\"https:\/\/mspontocom.com.br\/site\/wp-content\/uploads\/2022\/12\/site-pgr-e-contra-multa-a-manifestantes-pro-intervencao-militar-mani1-260x260.jpeg\" alt=\"\" width=\"260\" height=\"260\" srcset=\"https:\/\/mspontocom.com.br\/site\/wp-content\/uploads\/2022\/12\/site-pgr-e-contra-multa-a-manifestantes-pro-intervencao-militar-mani1-260x260.jpeg 260w, https:\/\/mspontocom.com.br\/site\/wp-content\/uploads\/2022\/12\/site-pgr-e-contra-multa-a-manifestantes-pro-intervencao-militar-mani1-150x150.jpeg 150w, https:\/\/mspontocom.com.br\/site\/wp-content\/uploads\/2022\/12\/site-pgr-e-contra-multa-a-manifestantes-pro-intervencao-militar-mani1.jpeg 768w\" sizes=\"(max-width: 260px) 100vw, 260px\" \/><\/p>\n<p style=\"text-align: justify;\">A vice-procuradora-geral da Rep\u00fablica, Lind\u00f4ra Ara\u00fajo, rejeitou\u00a0 pedido do Minist\u00e9rio P\u00fablico do Mato Grosso para que fossem aplicadas multas e apreendessem os bens de manifestantes pr\u00f3-interven\u00e7\u00e3o militar.<\/p>\n<p style=\"text-align: justify;\">No texto, Lind\u00f4ra afirmou que as for\u00e7as de seguran\u00e7a do Mato Grosso estavam, \u201cdesde o in\u00edcio\u201d, atuando em conjunto com a PRF (Pol\u00edcia Rodovi\u00e1ria Federal) para que os bloqueios nas rodovias federais fossem desfeitos \u201csem a necessidade do uso de forc\u0327a\u201d.<\/p>\n<p style=\"text-align: justify;\">A vice-procuradora-geral tamb\u00e9m alegou que a a\u00e7\u00e3o n\u00e3o seria adequada \u00e0 \u201cindividualizac\u0327a\u0303o de responsabilidades\u201d e \u201caplicac\u0327a\u0303o de medidas coercitivas a pessoas fi\u0301sicas\u201d.<\/p>\n<p style=\"text-align: justify;\">O pedido foi feito pelo procurador-geral Jos\u00e9 Ant\u00f4nio Borges Pereira, do Mato Grosso.<\/p>\n<p style=\"text-align: justify;\">Ele solicitou a aplica\u00e7\u00e3o de multas de R$ 20.000 e de R$ 100 mil para pessoas f\u00edsicas e jur\u00eddicas, respectivamente.<\/p>\n<p style=\"text-align: justify;\">Depois, os dados seriam encaminhados ao STF (Supremo Tribunal Federal).<\/p>\n<p style=\"text-align: justify;\">Al\u00e9m disso, o procurador pediu a apreens\u00e3o de bens dos manifestantes presentes em acampamentos de apoiadores do presidente Jair Bolsonaro (PL), como barracas, cadeiras e caixas t\u00e9rmicas.<\/p>\n","protected":false},"excerpt":{"rendered":"<p>A vice-procuradora-geral da Rep\u00fablica, Lind\u00f4ra Ara\u00fajo, rejeitou\u00a0 pedido do Minist\u00e9rio P\u00fablico do Mato Grosso para que fossem aplicadas multas e apreendessem os bens de manifestantes pr\u00f3-interven\u00e7\u00e3o militar. No texto, Lind\u00f4ra afirmou que as for\u00e7as de seguran\u00e7a do Mato Grosso estavam, \u201cdesde o in\u00edcio\u201d, atuando em conjunto com a PRF (Pol\u00edcia Rodovi\u00e1ria Federal) para que os [&hellip;]<\/p>\n","protected":false},"author":2,"featured_media":176447,"comment_status":"open","ping_status":"open","sticky":false,"template":"","format":"standard","meta":{"_monsterinsights_skip_tracking":false,"_monsterinsights_sitenote_active":false,"_monsterinsights_sitenote_note":"","_monsterinsights_sitenote_category":0},"categories":[6,30260,30259],"tags":[29883,12841,1062,11796],"aioseo_notices":[],"_links":{"self":[{"href":"https:\/\/mspontocom.com.br\/site\/wp-json\/wp\/v2\/posts\/176437"}],"collection":[{"href":"https:\/\/mspontocom.com.br\/site\/wp-json\/wp\/v2\/posts"}],"about":[{"href":"https:\/\/mspontocom.com.br\/site\/wp-json\/wp\/v2\/types\/post"}],"author":[{"embeddable":true,"href":"https:\/\/mspontocom.com.br\/site\/wp-json\/wp\/v2\/users\/2"}],"replies":[{"embeddable":true,"href":"https:\/\/mspontocom.com.br\/site\/wp-json\/wp\/v2\/comments?post=176437"}],"version-history":[{"count":2,"href":"https:\/\/mspontocom.com.br\/site\/wp-json\/wp\/v2\/posts\/176437\/revisions"}],"predecessor-version":[{"id":176448,"href":"https:\/\/mspontocom.com.br\/site\/wp-json\/wp\/v2\/posts\/176437\/revisions\/176448"}],"wp:featuredmedia":[{"embeddable":true,"href":"https:\/\/mspontocom.com.br\/site\/wp-json\/wp\/v2\/media\/176447"}],"wp:attachment":[{"href":"https:\/\/mspontocom.com.br\/site\/wp-json\/wp\/v2\/media?parent=176437"}],"wp:term":[{"taxonomy":"category","embeddable":true,"href":"https:\/\/mspontocom.com.br\/site\/wp-json\/wp\/v2\/categories?post=176437"},{"taxonomy":"post_tag","embeddable":true,"href":"https:\/\/mspontocom.com.br\/site\/wp-json\/wp\/v2\/tags?post=176437"}],"curies":[{"name":"wp","href":"https:\/\/api.w.org\/{rel}","templated":true}]}}