{"id":176439,"date":"2022-12-03T05:59:55","date_gmt":"2022-12-03T09:59:55","guid":{"rendered":"https:\/\/mspontocom.com.br\/site\/?p=176439"},"modified":"2022-12-03T05:59:55","modified_gmt":"2022-12-03T09:59:55","slug":"a-globo-mentia-sobre-dados-da-pandemia-confirma-jornalista","status":"publish","type":"post","link":"https:\/\/mspontocom.com.br\/site\/a-globo-mentia-sobre-dados-da-pandemia-confirma-jornalista\/","title":{"rendered":"A Globo mentia sobre dados da pandemia, confirma jornalista"},"content":{"rendered":"<p style=\"text-align: justify;\"><img loading=\"lazy\" class=\"alignnone size-medium wp-image-176449\" src=\"https:\/\/mspontocom.com.br\/site\/wp-content\/uploads\/2022\/12\/site-a-globo-escondeu-a-verdade-sobre-a-pandemia-confirma-jornalista-bolsonaro-globo-montagem3891-1750-260x146.jpeg\" alt=\"\" width=\"260\" height=\"146\" srcset=\"https:\/\/mspontocom.com.br\/site\/wp-content\/uploads\/2022\/12\/site-a-globo-escondeu-a-verdade-sobre-a-pandemia-confirma-jornalista-bolsonaro-globo-montagem3891-1750-260x146.jpeg 260w, https:\/\/mspontocom.com.br\/site\/wp-content\/uploads\/2022\/12\/site-a-globo-escondeu-a-verdade-sobre-a-pandemia-confirma-jornalista-bolsonaro-globo-montagem3891-1750-1024x576.jpeg 1024w, https:\/\/mspontocom.com.br\/site\/wp-content\/uploads\/2022\/12\/site-a-globo-escondeu-a-verdade-sobre-a-pandemia-confirma-jornalista-bolsonaro-globo-montagem3891-1750-768x432.jpeg 768w, https:\/\/mspontocom.com.br\/site\/wp-content\/uploads\/2022\/12\/site-a-globo-escondeu-a-verdade-sobre-a-pandemia-confirma-jornalista-bolsonaro-globo-montagem3891-1750.jpeg 1280w\" sizes=\"(max-width: 260px) 100vw, 260px\" \/><\/p>\n<p style=\"text-align: justify;\">Especialista em comunica\u00e7\u00e3o e orat\u00f3ria, a jornalista Giovanna Mel ganhou ainda mais evid\u00eancia h\u00e1 algumas semanas, quando resolveu escancarar uma realidade que muitos desconfiavam: na \u00e9poca da pandemia, a Rede Globo impedia a divulga\u00e7\u00e3o de not\u00edcias verdadeiras sobre o coronav\u00edrus.<\/p>\n<p style=\"text-align: justify;\">\u201cRecebi diversas den\u00fancias de pessoas que estavam recebendo diagn\u00f3stico de covid, mas que haviam morrido de c\u00e2ncer, de acidente de carro\u201d, contou Giovanna, ao programa\u00a0<em>As Liberais<\/em>\u00a0desta semana.<\/p>\n<p style=\"text-align: justify;\">\u201cEu mandava para amigos da Globo, e eles diziam que n\u00e3o podiam publicar aquilo.\u201d<\/p>\n<p style=\"text-align: justify;\">Na entrevista, Giovanna contou, entre outras coisas, epis\u00f3dios vividos durante o per\u00edodo em que trabalhou na emissora e tamb\u00e9m dos motivos que a levaram a sair.<\/p>\n<p style=\"text-align: justify;\">\u201cN\u00e3o podia aguentar meus editores comemorando quando acontecia uma desgra\u00e7a, porque teriam um factual para abrir o telejornal\u201d, conta.<\/p>\n<p style=\"text-align: justify;\">Apresentado pelas jornalistas Branca Nunes e Paula Leal, o programa\u00a0<em>As Liberais<\/em>\u00a0vai ao ar toda ter\u00e7a-feira, \u00e0s 20h30.<\/p>\n","protected":false},"excerpt":{"rendered":"<p>Especialista em comunica\u00e7\u00e3o e orat\u00f3ria, a jornalista Giovanna Mel ganhou ainda mais evid\u00eancia h\u00e1 algumas semanas, quando resolveu escancarar uma realidade que muitos desconfiavam: na \u00e9poca da pandemia, a Rede Globo impedia a divulga\u00e7\u00e3o de not\u00edcias verdadeiras sobre o coronav\u00edrus. \u201cRecebi diversas den\u00fancias de pessoas que estavam recebendo diagn\u00f3stico de covid, mas que haviam morrido [&hellip;]<\/p>\n","protected":false},"author":2,"featured_media":176449,"comment_status":"open","ping_status":"open","sticky":false,"template":"","format":"standard","meta":{"_monsterinsights_skip_tracking":false,"_monsterinsights_sitenote_active":false,"_monsterinsights_sitenote_note":"","_monsterinsights_sitenote_category":0},"categories":[6,30260,30259],"tags":[4230,501,38791,35133],"aioseo_notices":[],"_links":{"self":[{"href":"https:\/\/mspontocom.com.br\/site\/wp-json\/wp\/v2\/posts\/176439"}],"collection":[{"href":"https:\/\/mspontocom.com.br\/site\/wp-json\/wp\/v2\/posts"}],"about":[{"href":"https:\/\/mspontocom.com.br\/site\/wp-json\/wp\/v2\/types\/post"}],"author":[{"embeddable":true,"href":"https:\/\/mspontocom.com.br\/site\/wp-json\/wp\/v2\/users\/2"}],"replies":[{"embeddable":true,"href":"https:\/\/mspontocom.com.br\/site\/wp-json\/wp\/v2\/comments?post=176439"}],"version-history":[{"count":2,"href":"https:\/\/mspontocom.com.br\/site\/wp-json\/wp\/v2\/posts\/176439\/revisions"}],"predecessor-version":[{"id":176450,"href":"https:\/\/mspontocom.com.br\/site\/wp-json\/wp\/v2\/posts\/176439\/revisions\/176450"}],"wp:featuredmedia":[{"embeddable":true,"href":"https:\/\/mspontocom.com.br\/site\/wp-json\/wp\/v2\/media\/176449"}],"wp:attachment":[{"href":"https:\/\/mspontocom.com.br\/site\/wp-json\/wp\/v2\/media?parent=176439"}],"wp:term":[{"taxonomy":"category","embeddable":true,"href":"https:\/\/mspontocom.com.br\/site\/wp-json\/wp\/v2\/categories?post=176439"},{"taxonomy":"post_tag","embeddable":true,"href":"https:\/\/mspontocom.com.br\/site\/wp-json\/wp\/v2\/tags?post=176439"}],"curies":[{"name":"wp","href":"https:\/\/api.w.org\/{rel}","templated":true}]}}