{"id":176467,"date":"2022-12-05T07:17:07","date_gmt":"2022-12-05T11:17:07","guid":{"rendered":"https:\/\/mspontocom.com.br\/site\/?p=176467"},"modified":"2022-12-05T07:17:07","modified_gmt":"2022-12-05T11:17:07","slug":"qg-do-exercito-segue-rodeado-de-manifestantes-em-numero-cada-vez-maior","status":"publish","type":"post","link":"https:\/\/mspontocom.com.br\/site\/qg-do-exercito-segue-rodeado-de-manifestantes-em-numero-cada-vez-maior\/","title":{"rendered":"QG do Ex\u00e9rcito segue rodeado de manifestantes em n\u00famero cada vez maior"},"content":{"rendered":"<p><img loading=\"lazy\" class=\"size-medium wp-image-176486\" src=\"https:\/\/mspontocom.com.br\/site\/wp-content\/uploads\/2022\/12\/site-qg-do-exercito-segue-rodeado-de-manifestantesercito-segue-rodeado-de-golpistas-em-numero-ate-maior-veja-fotos-mani-260x173.jpg\" alt=\"\" width=\"260\" height=\"173\" srcset=\"https:\/\/mspontocom.com.br\/site\/wp-content\/uploads\/2022\/12\/site-qg-do-exercito-segue-rodeado-de-manifestantesercito-segue-rodeado-de-golpistas-em-numero-ate-maior-veja-fotos-mani-260x173.jpg 260w, https:\/\/mspontocom.com.br\/site\/wp-content\/uploads\/2022\/12\/site-qg-do-exercito-segue-rodeado-de-manifestantesercito-segue-rodeado-de-golpistas-em-numero-ate-maior-veja-fotos-mani-768x512.jpg 768w, https:\/\/mspontocom.com.br\/site\/wp-content\/uploads\/2022\/12\/site-qg-do-exercito-segue-rodeado-de-manifestantesercito-segue-rodeado-de-golpistas-em-numero-ate-maior-veja-fotos-mani.jpg 770w\" sizes=\"(max-width: 260px) 100vw, 260px\" \/><\/p>\n<p class=\"first-paragraph\" style=\"text-align: justify;\">Encerrado o segundo turno das elei\u00e7\u00f5es, no dia 30 de outubro, manifestantes favor\u00e1veis \u00e0 campanha de <strong>Jair Bolsonaro<\/strong> montaram acampamentos em frente aos quart\u00e9is dos comandos militares do <strong>Ex\u00e9rcito. <\/strong><\/p>\n<p class=\"first-paragraph\" style=\"text-align: justify;\">\u00a0O principal acampamento foi montado em Bras\u00edlia, em frente ao quartel-general da for\u00e7a terrestre.<\/p>\n<p class=\"first-paragraph\" style=\"text-align: justify;\"><strong>Um m\u00eas depois, o acampamento segue de p\u00e9, e ainda maior.<\/strong><\/p>\n<p style=\"text-align: justify;\">A estrutura j\u00e1 chamava aten\u00e7\u00e3o: al\u00e9m de ocupar metade da Pra\u00e7a dos Cristais com suas barracas, os manifestantes armaram tendas que serviam como cozinhas, armaz\u00e9ns, abrigo contra o sol, refeit\u00f3rio, uma capela improvisada e diversas op\u00e7\u00f5es de com\u00e9rcio.<\/p>\n<p style=\"text-align: justify;\"><strong>Um m\u00eas depois, o acampamento dobrou de tamanho. <\/strong><\/p>\n<p style=\"text-align: justify;\">As barracas que at\u00e9 ent\u00e3o alcan\u00e7avam a lagoa artificial no centro da Pra\u00e7a dos Cristais passaram a se espalhar ao seu redor.<\/p>\n<p style=\"text-align: justify;\">Caravanas de manifestantes de todo o pa\u00eds, em grande parte do Par\u00e1 e Mato Grosso do Sul, estabelecem ilhas de barracas, muitas refor\u00e7adas com tendas para proteger contra as chuvas.<\/p>\n<div class=\"my-25 my-lg-50 pt-10 pt-lg-30\">\n<p class=\"color-blue-light font-xs font-medium font-ls-2 text-uppercase mb-0\" style=\"text-align: justify;\">\n<\/div>\n","protected":false},"excerpt":{"rendered":"<p>Encerrado o segundo turno das elei\u00e7\u00f5es, no dia 30 de outubro, manifestantes favor\u00e1veis \u00e0 campanha de Jair Bolsonaro montaram acampamentos em frente aos quart\u00e9is dos comandos militares do Ex\u00e9rcito. \u00a0O principal acampamento foi montado em Bras\u00edlia, em frente ao quartel-general da for\u00e7a terrestre. Um m\u00eas depois, o acampamento segue de p\u00e9, e ainda maior. A [&hellip;]<\/p>\n","protected":false},"author":2,"featured_media":176486,"comment_status":"open","ping_status":"open","sticky":false,"template":"","format":"standard","meta":{"_monsterinsights_skip_tracking":false,"_monsterinsights_sitenote_active":false,"_monsterinsights_sitenote_note":"","_monsterinsights_sitenote_category":0},"categories":[6,30260,30259],"tags":[1192,38694,38797,38795,38796],"aioseo_notices":[],"_links":{"self":[{"href":"https:\/\/mspontocom.com.br\/site\/wp-json\/wp\/v2\/posts\/176467"}],"collection":[{"href":"https:\/\/mspontocom.com.br\/site\/wp-json\/wp\/v2\/posts"}],"about":[{"href":"https:\/\/mspontocom.com.br\/site\/wp-json\/wp\/v2\/types\/post"}],"author":[{"embeddable":true,"href":"https:\/\/mspontocom.com.br\/site\/wp-json\/wp\/v2\/users\/2"}],"replies":[{"embeddable":true,"href":"https:\/\/mspontocom.com.br\/site\/wp-json\/wp\/v2\/comments?post=176467"}],"version-history":[{"count":3,"href":"https:\/\/mspontocom.com.br\/site\/wp-json\/wp\/v2\/posts\/176467\/revisions"}],"predecessor-version":[{"id":176488,"href":"https:\/\/mspontocom.com.br\/site\/wp-json\/wp\/v2\/posts\/176467\/revisions\/176488"}],"wp:featuredmedia":[{"embeddable":true,"href":"https:\/\/mspontocom.com.br\/site\/wp-json\/wp\/v2\/media\/176486"}],"wp:attachment":[{"href":"https:\/\/mspontocom.com.br\/site\/wp-json\/wp\/v2\/media?parent=176467"}],"wp:term":[{"taxonomy":"category","embeddable":true,"href":"https:\/\/mspontocom.com.br\/site\/wp-json\/wp\/v2\/categories?post=176467"},{"taxonomy":"post_tag","embeddable":true,"href":"https:\/\/mspontocom.com.br\/site\/wp-json\/wp\/v2\/tags?post=176467"}],"curies":[{"name":"wp","href":"https:\/\/api.w.org\/{rel}","templated":true}]}}