{"id":176475,"date":"2022-12-05T07:26:47","date_gmt":"2022-12-05T11:26:47","guid":{"rendered":"https:\/\/mspontocom.com.br\/site\/?p=176475"},"modified":"2022-12-05T07:26:47","modified_gmt":"2022-12-05T11:26:47","slug":"experiencia-do-tse-vai-nortear-acoes-de-lula-na-censura-as-midias-sociais","status":"publish","type":"post","link":"https:\/\/mspontocom.com.br\/site\/experiencia-do-tse-vai-nortear-acoes-de-lula-na-censura-as-midias-sociais\/","title":{"rendered":"Experi\u00eancia do TSE vai nortear a\u00e7\u00f5es de Lula na censura \u00e0s midias sociais"},"content":{"rendered":"<p style=\"text-align: justify;\"><img loading=\"lazy\" class=\"alignnone size-medium wp-image-176489\" src=\"https:\/\/mspontocom.com.br\/site\/wp-content\/uploads\/2022\/12\/site-experiencia-do-tse-vai-nortear-acoes-de-lula-na-censura-as-midias-sociais-posse-260x153.jpeg\" alt=\"\" width=\"260\" height=\"153\" srcset=\"https:\/\/mspontocom.com.br\/site\/wp-content\/uploads\/2022\/12\/site-experiencia-do-tse-vai-nortear-acoes-de-lula-na-censura-as-midias-sociais-posse-260x153.jpeg 260w, https:\/\/mspontocom.com.br\/site\/wp-content\/uploads\/2022\/12\/site-experiencia-do-tse-vai-nortear-acoes-de-lula-na-censura-as-midias-sociais-posse.jpeg 750w\" sizes=\"(max-width: 260px) 100vw, 260px\" \/><\/p>\n<p style=\"text-align: justify;\">A estrat\u00e9gia do Tribunal Superior Eleitoral (TSE) no combate \u00e0s<strong> supostas<\/strong> <em>fake news<\/em> no processo eleitoral deste ano dever\u00e1 nortear as a\u00e7\u00f5es que o novo governo de<strong> Luiz In\u00e1cio Lula da Silva<\/strong> (PT) planeja para censurar o funcionamento das m\u00eddias sociais.<\/p>\n<p style=\"text-align: justify;\">Nas discuss\u00f5es que v\u00eam acontecendo nos dois grupos de trabalho que tratam das \u00e1reas de comunica\u00e7\u00f5es e de comunica\u00e7\u00e3o social, o entendimento \u00e9 que os tr\u00eas presidentes do TSE que conduziram o processo desde o seu in\u00edcio, <strong>Lu\u00eds Roberto Barroso, Edson Fachin e Alexandre de Moraes,<\/strong> foram felizes em encontrar o caminho para evitar que a prolifera\u00e7\u00e3o de not\u00edcias falsas e distor\u00e7\u00f5es comprometesse o processo eleitoral.<\/p>\n<p style=\"text-align: justify;\">O que se cogita \u00e9 preparar uma regula\u00e7\u00e3o inspirada na europeia, no sentido de estabelecer formas de responsabiliza\u00e7\u00e3o das plataformas pela divulga\u00e7\u00e3o e dissemina\u00e7\u00e3o de <em>fake news<\/em>.<\/p>\n<p style=\"text-align: justify;\">O PL das Fake News tramita na C\u00e2mara, vai nessa linha.<\/p>\n<p>&nbsp;<\/p>\n","protected":false},"excerpt":{"rendered":"<p>A estrat\u00e9gia do Tribunal Superior Eleitoral (TSE) no combate \u00e0s supostas fake news no processo eleitoral deste ano dever\u00e1 nortear as a\u00e7\u00f5es que o novo governo de Luiz In\u00e1cio Lula da Silva (PT) planeja para censurar o funcionamento das m\u00eddias sociais. Nas discuss\u00f5es que v\u00eam acontecendo nos dois grupos de trabalho que tratam das \u00e1reas [&hellip;]<\/p>\n","protected":false},"author":2,"featured_media":176489,"comment_status":"open","ping_status":"open","sticky":false,"template":"","format":"standard","meta":{"_monsterinsights_skip_tracking":false,"_monsterinsights_sitenote_active":false,"_monsterinsights_sitenote_note":"","_monsterinsights_sitenote_category":0},"categories":[6,30260,30259],"tags":[7907,480,2443,4378],"aioseo_notices":[],"_links":{"self":[{"href":"https:\/\/mspontocom.com.br\/site\/wp-json\/wp\/v2\/posts\/176475"}],"collection":[{"href":"https:\/\/mspontocom.com.br\/site\/wp-json\/wp\/v2\/posts"}],"about":[{"href":"https:\/\/mspontocom.com.br\/site\/wp-json\/wp\/v2\/types\/post"}],"author":[{"embeddable":true,"href":"https:\/\/mspontocom.com.br\/site\/wp-json\/wp\/v2\/users\/2"}],"replies":[{"embeddable":true,"href":"https:\/\/mspontocom.com.br\/site\/wp-json\/wp\/v2\/comments?post=176475"}],"version-history":[{"count":3,"href":"https:\/\/mspontocom.com.br\/site\/wp-json\/wp\/v2\/posts\/176475\/revisions"}],"predecessor-version":[{"id":176491,"href":"https:\/\/mspontocom.com.br\/site\/wp-json\/wp\/v2\/posts\/176475\/revisions\/176491"}],"wp:featuredmedia":[{"embeddable":true,"href":"https:\/\/mspontocom.com.br\/site\/wp-json\/wp\/v2\/media\/176489"}],"wp:attachment":[{"href":"https:\/\/mspontocom.com.br\/site\/wp-json\/wp\/v2\/media?parent=176475"}],"wp:term":[{"taxonomy":"category","embeddable":true,"href":"https:\/\/mspontocom.com.br\/site\/wp-json\/wp\/v2\/categories?post=176475"},{"taxonomy":"post_tag","embeddable":true,"href":"https:\/\/mspontocom.com.br\/site\/wp-json\/wp\/v2\/tags?post=176475"}],"curies":[{"name":"wp","href":"https:\/\/api.w.org\/{rel}","templated":true}]}}