{"id":177405,"date":"2022-12-23T06:30:10","date_gmt":"2022-12-23T10:30:10","guid":{"rendered":"https:\/\/mspontocom.com.br\/site\/?p=177405"},"modified":"2022-12-23T06:30:10","modified_gmt":"2022-12-23T10:30:10","slug":"ministerio-publico-emite-carta-em-apoio-a-procuradores-da-lava-jato","status":"publish","type":"post","link":"https:\/\/mspontocom.com.br\/site\/ministerio-publico-emite-carta-em-apoio-a-procuradores-da-lava-jato\/","title":{"rendered":"Minist\u00e9rio P\u00fablico emite carta em apoio a procuradores da Lava Jato"},"content":{"rendered":"<div id=\"chunk-ffev0\">\n<div class=\"mc-column content-text active-extra-styles \" data-block-type=\"unstyled\" data-block-weight=\"39\" data-block-id=\"3\">\n<p class=\"content-text__container \" style=\"text-align: justify;\" data-track-category=\"Link no Texto\" data-track-links=\"\"><img loading=\"lazy\" class=\"alignnone size-medium wp-image-177406\" src=\"https:\/\/mspontocom.com.br\/site\/wp-content\/uploads\/2022\/12\/site-ministerio-publico-emite-carta-em-apoio-a-procuradores-da-lava-jato-lava-260x146.jpg\" alt=\"\" width=\"260\" height=\"146\" srcset=\"https:\/\/mspontocom.com.br\/site\/wp-content\/uploads\/2022\/12\/site-ministerio-publico-emite-carta-em-apoio-a-procuradores-da-lava-jato-lava-260x146.jpg 260w, https:\/\/mspontocom.com.br\/site\/wp-content\/uploads\/2022\/12\/site-ministerio-publico-emite-carta-em-apoio-a-procuradores-da-lava-jato-lava-1024x576.jpg 1024w, https:\/\/mspontocom.com.br\/site\/wp-content\/uploads\/2022\/12\/site-ministerio-publico-emite-carta-em-apoio-a-procuradores-da-lava-jato-lava-768x432.jpg 768w, https:\/\/mspontocom.com.br\/site\/wp-content\/uploads\/2022\/12\/site-ministerio-publico-emite-carta-em-apoio-a-procuradores-da-lava-jato-lava.jpg 1280w\" sizes=\"(max-width: 260px) 100vw, 260px\" \/><\/p>\n<p class=\"content-text__container \" style=\"text-align: justify;\" data-track-category=\"Link no Texto\" data-track-links=\"\">Membros do Minist\u00e9rio P\u00fablico brasileiro emitiram uma carta em apoio aos procuradores\u00a0 For\u00e7a-Tarefa da Lava Jato no Rio, <strong>Eduardo El Hage<\/strong>\u00a0e<strong>\u00a0Gabriela C\u00e2mara<\/strong>, que foram punidos\u00a0na \u00faltima segunda-feira pelo Conselho Nacional do Minist\u00e9rio P\u00fablico (CNMP).<\/p>\n<\/div>\n<\/div>\n<div class=\"wall protected-content\">\n<div id=\"chunk-fd1ri\">\n<div class=\"mc-column content-text active-extra-styles \" data-block-type=\"unstyled\" data-block-weight=\"36\" data-block-id=\"4\">\n<p class=\"content-text__container \" style=\"text-align: justify;\" data-track-category=\"Link no Texto\" data-track-links=\"\">O of\u00edcio diz que procuradores e promotores da Uni\u00e3o e do Estado repudiam a puni\u00e7\u00e3o do CNMP que pode, de alguma forma, atemorizar os membros do MP.<\/p>\n<div id=\"chunk-13ftu\" style=\"text-align: justify;\">\n<div class=\"mc-column content-text active-extra-styles \" data-block-type=\"unstyled\" data-block-weight=\"28\" data-block-id=\"7\">\n<p class=\"content-text__container \" data-track-category=\"Link no Texto\" data-track-links=\"\">Ainda de acordo com o documento, a decis\u00e3o do conselho pode transparecer a possibilidade de que todo promotor de Justi\u00e7a ou procurador da Rep\u00fablica esteja suscet\u00edvel a puni\u00e7\u00e3o.<\/p>\n<\/div>\n<\/div>\n<div id=\"chunk-cgfhg\">\n<div class=\"mc-column content-text active-extra-styles \" data-block-type=\"unstyled\" data-block-weight=\"73\" data-block-id=\"8\">\n<p class=\"content-text__container \" style=\"text-align: justify;\" data-track-category=\"Link no Texto\" data-track-links=\"\">\u201cAl\u00e9m de injustos com os dois citados membros do Minist\u00e9rio P\u00fablico, os efeitos da decis\u00e3o do CNMP mostram-se dissuas\u00f3rios do exerc\u00edcio, independente e com destemor, da miss\u00e3o constitucional do Minist\u00e9rio P\u00fablico de defesa firme do Imp\u00e9rio da Lei, na medida em que todo promotor de Justi\u00e7a e procurador da Rep\u00fablica se sentir\u00e1, pelos efeitos da decis\u00e3o, suscet\u00edvel de puni\u00e7\u00e3o por simplesmente cumprir de boa-f\u00e9 o seu dever de of\u00edcio, com transpar\u00eancia e publicidade\u201d.<\/p>\n<\/div>\n<\/div>\n<\/div>\n<\/div>\n<\/div>\n","protected":false},"excerpt":{"rendered":"<p>Membros do Minist\u00e9rio P\u00fablico brasileiro emitiram uma carta em apoio aos procuradores\u00a0 For\u00e7a-Tarefa da Lava Jato no Rio, Eduardo El Hage\u00a0e\u00a0Gabriela C\u00e2mara, que foram punidos\u00a0na \u00faltima segunda-feira pelo Conselho Nacional do Minist\u00e9rio P\u00fablico (CNMP). O of\u00edcio diz que procuradores e promotores da Uni\u00e3o e do Estado repudiam a puni\u00e7\u00e3o do CNMP que pode, de alguma [&hellip;]<\/p>\n","protected":false},"author":2,"featured_media":177406,"comment_status":"open","ping_status":"open","sticky":false,"template":"","format":"standard","meta":{"_monsterinsights_skip_tracking":false,"_monsterinsights_sitenote_active":false,"_monsterinsights_sitenote_note":"","_monsterinsights_sitenote_category":0},"categories":[2528],"tags":[3546,21419,2755],"aioseo_notices":[],"_links":{"self":[{"href":"https:\/\/mspontocom.com.br\/site\/wp-json\/wp\/v2\/posts\/177405"}],"collection":[{"href":"https:\/\/mspontocom.com.br\/site\/wp-json\/wp\/v2\/posts"}],"about":[{"href":"https:\/\/mspontocom.com.br\/site\/wp-json\/wp\/v2\/types\/post"}],"author":[{"embeddable":true,"href":"https:\/\/mspontocom.com.br\/site\/wp-json\/wp\/v2\/users\/2"}],"replies":[{"embeddable":true,"href":"https:\/\/mspontocom.com.br\/site\/wp-json\/wp\/v2\/comments?post=177405"}],"version-history":[{"count":1,"href":"https:\/\/mspontocom.com.br\/site\/wp-json\/wp\/v2\/posts\/177405\/revisions"}],"predecessor-version":[{"id":177407,"href":"https:\/\/mspontocom.com.br\/site\/wp-json\/wp\/v2\/posts\/177405\/revisions\/177407"}],"wp:featuredmedia":[{"embeddable":true,"href":"https:\/\/mspontocom.com.br\/site\/wp-json\/wp\/v2\/media\/177406"}],"wp:attachment":[{"href":"https:\/\/mspontocom.com.br\/site\/wp-json\/wp\/v2\/media?parent=177405"}],"wp:term":[{"taxonomy":"category","embeddable":true,"href":"https:\/\/mspontocom.com.br\/site\/wp-json\/wp\/v2\/categories?post=177405"},{"taxonomy":"post_tag","embeddable":true,"href":"https:\/\/mspontocom.com.br\/site\/wp-json\/wp\/v2\/tags?post=177405"}],"curies":[{"name":"wp","href":"https:\/\/api.w.org\/{rel}","templated":true}]}}