{"id":177529,"date":"2022-12-28T06:23:08","date_gmt":"2022-12-28T10:23:08","guid":{"rendered":"https:\/\/mspontocom.com.br\/site\/?p=177529"},"modified":"2022-12-28T06:23:08","modified_gmt":"2022-12-28T10:23:08","slug":"procuradores-da-lava-jato-punidos-recebem-apoio-de-ex-pgrs","status":"publish","type":"post","link":"https:\/\/mspontocom.com.br\/site\/procuradores-da-lava-jato-punidos-recebem-apoio-de-ex-pgrs\/","title":{"rendered":"Procuradores da Lava Jato punidos recebem apoio de ex-PGRs"},"content":{"rendered":"<p style=\"text-align: justify;\"><img loading=\"lazy\" class=\"alignnone size-medium wp-image-177530\" src=\"https:\/\/mspontocom.com.br\/site\/wp-content\/uploads\/2022\/12\/site-procuradores-da-lava-jato-punidos-recebem-apoio-de-ex-pgrs-lava-e1672222931589-260x164.webp\" alt=\"\" width=\"260\" height=\"164\" srcset=\"https:\/\/mspontocom.com.br\/site\/wp-content\/uploads\/2022\/12\/site-procuradores-da-lava-jato-punidos-recebem-apoio-de-ex-pgrs-lava-e1672222931589-260x164.webp 260w, https:\/\/mspontocom.com.br\/site\/wp-content\/uploads\/2022\/12\/site-procuradores-da-lava-jato-punidos-recebem-apoio-de-ex-pgrs-lava-e1672222931589-768x484.webp 768w, https:\/\/mspontocom.com.br\/site\/wp-content\/uploads\/2022\/12\/site-procuradores-da-lava-jato-punidos-recebem-apoio-de-ex-pgrs-lava-e1672222931589.webp 924w\" sizes=\"(max-width: 260px) 100vw, 260px\" \/><\/p>\n<p style=\"text-align: justify;\">Os subprocuradores-gerais da Rep\u00fablica aposentados\u00a0Claudio Fonteles (2003-2005) e Roberto Gurgel (2009-2013), que exerceram o cargo de Procurador-Geral da Rep\u00fablica (PGR),\u00a0assinaram a nota de apoio aos procuradores da Rep\u00fablica Eduardo El Hage e Gabriela C\u00e2mara, que foram punidos na \u00faltima segunda (19) pelo Conselho Nacional do Minist\u00e9rio P\u00fablico (CNMP).<\/p>\n<p style=\"text-align: justify;\">O conselho decidiu aplicar a pena de suspens\u00e3o por 30 dias ao procurador da Rep\u00fablica Eduardo El Hage, que foi coordenador da extinta for\u00e7a-tarefa da Opera\u00e7\u00e3o Lava Jato no Rio e pena de censura \u00e0 procuradora da Rep\u00fablica Gabriela C\u00e2mara.<\/p>\n<p style=\"text-align: justify;\">\u201c<em><strong>Os procuradores da Rep\u00fablica Eduardo El Hage e Gabriela C\u00e2mara nunca se furtaram aos comandos da Constitui\u00e7\u00e3o, sempre cumprindo, com honestidade, senso de dever, serenidade, lealdade<\/strong> e, sobretudo, coragem, sua miss\u00e3o p\u00fablica como membros do Minist\u00e9rio P\u00fablico Federal. O primeiro, como Procurador Coordenador da For\u00e7a-Tarefa da Lava Jato no Rio de Janeiro, conduziu com sucesso milhares de investiga\u00e7\u00f5es e processos penais, que foram essenciais para identificar e punir uma organiza\u00e7\u00e3o criminosa que se apoderou da c\u00fapula institucional do Estado do Rio de Janeiro, com a recupera\u00e7\u00e3o para a sociedade, ademais, de aproximadamente dois bilh\u00f5es de reais que haviam sido desviado dos cofres p\u00fablicos&#8221;. <\/em>diz trecho do documento que j\u00e1\u00a0<strong>possui mais de 1.500 assinaturas de membros do Minist\u00e9rio P\u00fablico de todo o pa\u00eds.<\/strong><\/p>\n","protected":false},"excerpt":{"rendered":"<p>Os subprocuradores-gerais da Rep\u00fablica aposentados\u00a0Claudio Fonteles (2003-2005) e Roberto Gurgel (2009-2013), que exerceram o cargo de Procurador-Geral da Rep\u00fablica (PGR),\u00a0assinaram a nota de apoio aos procuradores da Rep\u00fablica Eduardo El Hage e Gabriela C\u00e2mara, que foram punidos na \u00faltima segunda (19) pelo Conselho Nacional do Minist\u00e9rio P\u00fablico (CNMP). O conselho decidiu aplicar a pena de [&hellip;]<\/p>\n","protected":false},"author":2,"featured_media":177530,"comment_status":"open","ping_status":"open","sticky":false,"template":"","format":"standard","meta":{"_monsterinsights_skip_tracking":false,"_monsterinsights_sitenote_active":false,"_monsterinsights_sitenote_note":"","_monsterinsights_sitenote_category":0},"categories":[2528],"tags":[3546,17076,38922],"aioseo_notices":[],"_links":{"self":[{"href":"https:\/\/mspontocom.com.br\/site\/wp-json\/wp\/v2\/posts\/177529"}],"collection":[{"href":"https:\/\/mspontocom.com.br\/site\/wp-json\/wp\/v2\/posts"}],"about":[{"href":"https:\/\/mspontocom.com.br\/site\/wp-json\/wp\/v2\/types\/post"}],"author":[{"embeddable":true,"href":"https:\/\/mspontocom.com.br\/site\/wp-json\/wp\/v2\/users\/2"}],"replies":[{"embeddable":true,"href":"https:\/\/mspontocom.com.br\/site\/wp-json\/wp\/v2\/comments?post=177529"}],"version-history":[{"count":1,"href":"https:\/\/mspontocom.com.br\/site\/wp-json\/wp\/v2\/posts\/177529\/revisions"}],"predecessor-version":[{"id":177531,"href":"https:\/\/mspontocom.com.br\/site\/wp-json\/wp\/v2\/posts\/177529\/revisions\/177531"}],"wp:featuredmedia":[{"embeddable":true,"href":"https:\/\/mspontocom.com.br\/site\/wp-json\/wp\/v2\/media\/177530"}],"wp:attachment":[{"href":"https:\/\/mspontocom.com.br\/site\/wp-json\/wp\/v2\/media?parent=177529"}],"wp:term":[{"taxonomy":"category","embeddable":true,"href":"https:\/\/mspontocom.com.br\/site\/wp-json\/wp\/v2\/categories?post=177529"},{"taxonomy":"post_tag","embeddable":true,"href":"https:\/\/mspontocom.com.br\/site\/wp-json\/wp\/v2\/tags?post=177529"}],"curies":[{"name":"wp","href":"https:\/\/api.w.org\/{rel}","templated":true}]}}