{"id":177643,"date":"2023-01-01T08:34:32","date_gmt":"2023-01-01T12:34:32","guid":{"rendered":"https:\/\/mspontocom.com.br\/site\/?p=177643"},"modified":"2023-01-01T08:34:32","modified_gmt":"2023-01-01T12:34:32","slug":"ex-presidiario-sobe-a-rampa-ja-somos-oposicao","status":"publish","type":"post","link":"https:\/\/mspontocom.com.br\/site\/ex-presidiario-sobe-a-rampa-ja-somos-oposicao\/","title":{"rendered":"Ex-presidi\u00e1rio sobe a rampa. J\u00e1 somos oposi\u00e7\u00e3o!"},"content":{"rendered":"<p style=\"text-align: justify;\"><img loading=\"lazy\" class=\"alignnone size-medium wp-image-177644\" src=\"https:\/\/mspontocom.com.br\/site\/wp-content\/uploads\/2023\/01\/site-ex-presidiario-sobe-a-rampa-ja-somos-oposicao-olho-260x155.jpg\" alt=\"\" width=\"260\" height=\"155\" srcset=\"https:\/\/mspontocom.com.br\/site\/wp-content\/uploads\/2023\/01\/site-ex-presidiario-sobe-a-rampa-ja-somos-oposicao-olho-260x155.jpg 260w, https:\/\/mspontocom.com.br\/site\/wp-content\/uploads\/2023\/01\/site-ex-presidiario-sobe-a-rampa-ja-somos-oposicao-olho-768x457.jpg 768w, https:\/\/mspontocom.com.br\/site\/wp-content\/uploads\/2023\/01\/site-ex-presidiario-sobe-a-rampa-ja-somos-oposicao-olho.jpg 840w\" sizes=\"(max-width: 260px) 100vw, 260px\" \/><\/p>\n<p style=\"text-align: justify;\">O ex-presidi\u00e1rio Lula sobe a rampa neste 1\u00ba de janeiro.<\/p>\n<p style=\"text-align: justify;\">Lula nem deveria ser candidato. Deveria estar preso.<\/p>\n<p style=\"text-align: justify;\">Mas o golpe do STF, acabando com a pris\u00e3o em 2\u00aa inst\u00e2ncia e depois declarando que o f\u00f3rum de Curitiba n\u00e3o era o adequado para julg\u00e1-lo, inacreditavelmente colocou Lula de volta \u00e0 cena do crime.<\/p>\n<p style=\"text-align: justify;\">Palavras de seu vice Geraldo Alckimin.<\/p>\n<p style=\"text-align: justify;\"><strong>Mas contem com o mspontocom.\u00a0<\/strong><\/p>\n<p>Estaremos de olho.<\/p>\n<p style=\"text-align: justify;\">Diferente da grande m\u00eddia e seu cons\u00f3rcio, desde j\u00e1 somos oposi\u00e7\u00e3o.<\/p>\n<p style=\"text-align: justify;\">Feliz 2023, na medida do poss\u00edvel, a todos!<\/p>\n","protected":false},"excerpt":{"rendered":"<p>O ex-presidi\u00e1rio Lula sobe a rampa neste 1\u00ba de janeiro. Lula nem deveria ser candidato. Deveria estar preso. Mas o golpe do STF, acabando com a pris\u00e3o em 2\u00aa inst\u00e2ncia e depois declarando que o f\u00f3rum de Curitiba n\u00e3o era o adequado para julg\u00e1-lo, inacreditavelmente colocou Lula de volta \u00e0 cena do crime. Palavras de [&hellip;]<\/p>\n","protected":false},"author":2,"featured_media":177644,"comment_status":"open","ping_status":"open","sticky":false,"template":"","format":"standard","meta":{"_monsterinsights_skip_tracking":false,"_monsterinsights_sitenote_active":false,"_monsterinsights_sitenote_note":"","_monsterinsights_sitenote_category":0},"categories":[30260,30259,12],"tags":[37901,480,6587,4285,38951],"aioseo_notices":[],"_links":{"self":[{"href":"https:\/\/mspontocom.com.br\/site\/wp-json\/wp\/v2\/posts\/177643"}],"collection":[{"href":"https:\/\/mspontocom.com.br\/site\/wp-json\/wp\/v2\/posts"}],"about":[{"href":"https:\/\/mspontocom.com.br\/site\/wp-json\/wp\/v2\/types\/post"}],"author":[{"embeddable":true,"href":"https:\/\/mspontocom.com.br\/site\/wp-json\/wp\/v2\/users\/2"}],"replies":[{"embeddable":true,"href":"https:\/\/mspontocom.com.br\/site\/wp-json\/wp\/v2\/comments?post=177643"}],"version-history":[{"count":1,"href":"https:\/\/mspontocom.com.br\/site\/wp-json\/wp\/v2\/posts\/177643\/revisions"}],"predecessor-version":[{"id":177645,"href":"https:\/\/mspontocom.com.br\/site\/wp-json\/wp\/v2\/posts\/177643\/revisions\/177645"}],"wp:featuredmedia":[{"embeddable":true,"href":"https:\/\/mspontocom.com.br\/site\/wp-json\/wp\/v2\/media\/177644"}],"wp:attachment":[{"href":"https:\/\/mspontocom.com.br\/site\/wp-json\/wp\/v2\/media?parent=177643"}],"wp:term":[{"taxonomy":"category","embeddable":true,"href":"https:\/\/mspontocom.com.br\/site\/wp-json\/wp\/v2\/categories?post=177643"},{"taxonomy":"post_tag","embeddable":true,"href":"https:\/\/mspontocom.com.br\/site\/wp-json\/wp\/v2\/tags?post=177643"}],"curies":[{"name":"wp","href":"https:\/\/api.w.org\/{rel}","templated":true}]}}