{"id":177652,"date":"2023-01-02T06:20:41","date_gmt":"2023-01-02T10:20:41","guid":{"rendered":"https:\/\/mspontocom.com.br\/site\/?p=177652"},"modified":"2023-01-02T06:20:41","modified_gmt":"2023-01-02T10:20:41","slug":"discurso-de-lula-confirma-retrocesso-risco-a-liberdade-e-novo-projeto-de-poder","status":"publish","type":"post","link":"https:\/\/mspontocom.com.br\/site\/discurso-de-lula-confirma-retrocesso-risco-a-liberdade-e-novo-projeto-de-poder\/","title":{"rendered":"Discurso de Lula confirma retrocesso, risco \u00e0 liberdade e novo projeto de poder"},"content":{"rendered":"<p style=\"text-align: justify;\"><img loading=\"lazy\" class=\"alignnone size-medium wp-image-177653\" src=\"https:\/\/mspontocom.com.br\/site\/wp-content\/uploads\/2023\/01\/site-discurso-de-lula-confirma-retrocesso-risco-a-liberdade-e-novo-projeto-de-poder-faixa-presidencial-lula-jpeg-260x174.webp\" alt=\"\" width=\"260\" height=\"174\" srcset=\"https:\/\/mspontocom.com.br\/site\/wp-content\/uploads\/2023\/01\/site-discurso-de-lula-confirma-retrocesso-risco-a-liberdade-e-novo-projeto-de-poder-faixa-presidencial-lula-jpeg-260x174.webp 260w, https:\/\/mspontocom.com.br\/site\/wp-content\/uploads\/2023\/01\/site-discurso-de-lula-confirma-retrocesso-risco-a-liberdade-e-novo-projeto-de-poder-faixa-presidencial-lula-jpeg-768x513.webp 768w, https:\/\/mspontocom.com.br\/site\/wp-content\/uploads\/2023\/01\/site-discurso-de-lula-confirma-retrocesso-risco-a-liberdade-e-novo-projeto-de-poder-faixa-presidencial-lula-jpeg.webp 794w\" sizes=\"(max-width: 260px) 100vw, 260px\" \/><\/p>\n<p style=\"text-align: justify;\">\u00c9 poss\u00edvel listar dezenas de pontos assustadores no discurso de posse de<b> Lula.<\/b><\/p>\n<p style=\"text-align: justify;\">\u00a0E um fato \u00e9 incontest\u00e1vel: o petista foi claro, sem rodeios nem maquiagem, ao mostrar que sua elei\u00e7\u00e3o \u00e9 mesmo um <strong>novo projeto da esquerda<\/strong> de se perpetuar no poder.<\/p>\n<p style=\"text-align: justify;\">Para quem<strong> fez o L<\/strong>, agora \u00e9 tarde.<\/p>\n<p style=\"text-align: justify;\">Lula afirmou que vai tentar punir seu antecessor, <strong>Jair Bolsonaro<\/strong>, pela condu\u00e7\u00e3o da pandemia, desarmar a popula\u00e7\u00e3o, n\u00e3o vai respeitar o teto de gastos p\u00fablicos \u2014 ou seja, vai fazer o que quiser com o dinheiro do pagador de impostos \u2013, combater seus cr\u00edticos na imprensa e despejar dinheiro numa central de monitoramento das redes sociais e de canais de not\u00edcias oficiais \u2014 como acontece na <strong>Venezuela, Bol\u00edvia e em Cuba.<\/strong><\/p>\n<p style=\"text-align: justify;\">A fala foi redigida a dedo para agradar o cons\u00f3rcio da <strong>velha imprensa<\/strong>, que n\u00e3o esconde a euforia na TV, nos portais de not\u00edcias e em an\u00e1lises de articulistas.<\/p>\n<p style=\"text-align: justify;\">\n","protected":false},"excerpt":{"rendered":"<p>\u00c9 poss\u00edvel listar dezenas de pontos assustadores no discurso de posse de Lula. \u00a0E um fato \u00e9 incontest\u00e1vel: o petista foi claro, sem rodeios nem maquiagem, ao mostrar que sua elei\u00e7\u00e3o \u00e9 mesmo um novo projeto da esquerda de se perpetuar no poder. Para quem fez o L, agora \u00e9 tarde. Lula afirmou que vai [&hellip;]<\/p>\n","protected":false},"author":2,"featured_media":177653,"comment_status":"open","ping_status":"open","sticky":false,"template":"","format":"standard","meta":{"_monsterinsights_skip_tracking":false,"_monsterinsights_sitenote_active":false,"_monsterinsights_sitenote_note":"","_monsterinsights_sitenote_category":0},"categories":[30260,30259,12],"tags":[30368,480,24714,374,30671,38953],"aioseo_notices":[],"_links":{"self":[{"href":"https:\/\/mspontocom.com.br\/site\/wp-json\/wp\/v2\/posts\/177652"}],"collection":[{"href":"https:\/\/mspontocom.com.br\/site\/wp-json\/wp\/v2\/posts"}],"about":[{"href":"https:\/\/mspontocom.com.br\/site\/wp-json\/wp\/v2\/types\/post"}],"author":[{"embeddable":true,"href":"https:\/\/mspontocom.com.br\/site\/wp-json\/wp\/v2\/users\/2"}],"replies":[{"embeddable":true,"href":"https:\/\/mspontocom.com.br\/site\/wp-json\/wp\/v2\/comments?post=177652"}],"version-history":[{"count":1,"href":"https:\/\/mspontocom.com.br\/site\/wp-json\/wp\/v2\/posts\/177652\/revisions"}],"predecessor-version":[{"id":177654,"href":"https:\/\/mspontocom.com.br\/site\/wp-json\/wp\/v2\/posts\/177652\/revisions\/177654"}],"wp:featuredmedia":[{"embeddable":true,"href":"https:\/\/mspontocom.com.br\/site\/wp-json\/wp\/v2\/media\/177653"}],"wp:attachment":[{"href":"https:\/\/mspontocom.com.br\/site\/wp-json\/wp\/v2\/media?parent=177652"}],"wp:term":[{"taxonomy":"category","embeddable":true,"href":"https:\/\/mspontocom.com.br\/site\/wp-json\/wp\/v2\/categories?post=177652"},{"taxonomy":"post_tag","embeddable":true,"href":"https:\/\/mspontocom.com.br\/site\/wp-json\/wp\/v2\/tags?post=177652"}],"curies":[{"name":"wp","href":"https:\/\/api.w.org\/{rel}","templated":true}]}}