{"id":177672,"date":"2023-01-03T06:55:53","date_gmt":"2023-01-03T10:55:53","guid":{"rendered":"https:\/\/mspontocom.com.br\/site\/?p=177672"},"modified":"2023-01-03T06:55:53","modified_gmt":"2023-01-03T10:55:53","slug":"ministro-de-lula-diz-que-acampamento-e-manifestacao-democratica","status":"publish","type":"post","link":"https:\/\/mspontocom.com.br\/site\/ministro-de-lula-diz-que-acampamento-e-manifestacao-democratica\/","title":{"rendered":"Ministro de Lula diz que acampamento &#8216;\u00c9 manifesta\u00e7\u00e3o democr\u00e1tica&#8217;"},"content":{"rendered":"<p><img loading=\"lazy\" class=\"size-medium wp-image-177689\" src=\"https:\/\/mspontocom.com.br\/site\/wp-content\/uploads\/2023\/01\/site-ministro-de-lula-diz-que-acampamento-e-manifestacao-democratica-mani-260x173.jpg\" alt=\"\" width=\"260\" height=\"173\" srcset=\"https:\/\/mspontocom.com.br\/site\/wp-content\/uploads\/2023\/01\/site-ministro-de-lula-diz-que-acampamento-e-manifestacao-democratica-mani-260x173.jpg 260w, https:\/\/mspontocom.com.br\/site\/wp-content\/uploads\/2023\/01\/site-ministro-de-lula-diz-que-acampamento-e-manifestacao-democratica-mani-768x512.jpg 768w, https:\/\/mspontocom.com.br\/site\/wp-content\/uploads\/2023\/01\/site-ministro-de-lula-diz-que-acampamento-e-manifestacao-democratica-mani.jpg 770w\" sizes=\"(max-width: 260px) 100vw, 260px\" \/><\/p>\n<p style=\"text-align: justify;\">O novo ministro da Defesa, <strong>Jos\u00e9 M\u00facio Monteiro,<\/strong> disse acreditar que os acampamentos de apoiadores do ex-presidente <strong>Jair Bolsonaro<\/strong> em frente aos quart\u00e9is militares devem se &#8220;esvair&#8221;.<\/p>\n<p style=\"text-align: justify;\">Ele classificou os atos como <strong>&#8220;manifesta\u00e7\u00e3o da democracia&#8221;<\/strong> e contou que tem amigos e parentes que participaram do movimento.<\/p>\n<p style=\"text-align: justify;\">Questionado sobre uma solu\u00e7\u00e3o para os acampamentos, adotou o mesmo tom conciliador.<\/p>\n<p style=\"text-align: justify;\">Ele afirmou ainda que passava de carro &#8220;como cidad\u00e3o, dirigindo&#8221;, no acampamento na capital federal, e que era poss\u00edvel notar que havia pessoas que &#8220;n\u00e3o tinham interesse pol\u00edtico&#8221;.<\/p>\n","protected":false},"excerpt":{"rendered":"<p>O novo ministro da Defesa, Jos\u00e9 M\u00facio Monteiro, disse acreditar que os acampamentos de apoiadores do ex-presidente Jair Bolsonaro em frente aos quart\u00e9is militares devem se &#8220;esvair&#8221;. Ele classificou os atos como &#8220;manifesta\u00e7\u00e3o da democracia&#8221; e contou que tem amigos e parentes que participaram do movimento. Questionado sobre uma solu\u00e7\u00e3o para os acampamentos, adotou o [&hellip;]<\/p>\n","protected":false},"author":2,"featured_media":177689,"comment_status":"open","ping_status":"open","sticky":false,"template":"","format":"standard","meta":{"_monsterinsights_skip_tracking":false,"_monsterinsights_sitenote_active":false,"_monsterinsights_sitenote_note":"","_monsterinsights_sitenote_category":0},"categories":[30260,30259,12],"tags":[21772,38958,14948,480,12808,259,38957],"aioseo_notices":[],"_links":{"self":[{"href":"https:\/\/mspontocom.com.br\/site\/wp-json\/wp\/v2\/posts\/177672"}],"collection":[{"href":"https:\/\/mspontocom.com.br\/site\/wp-json\/wp\/v2\/posts"}],"about":[{"href":"https:\/\/mspontocom.com.br\/site\/wp-json\/wp\/v2\/types\/post"}],"author":[{"embeddable":true,"href":"https:\/\/mspontocom.com.br\/site\/wp-json\/wp\/v2\/users\/2"}],"replies":[{"embeddable":true,"href":"https:\/\/mspontocom.com.br\/site\/wp-json\/wp\/v2\/comments?post=177672"}],"version-history":[{"count":2,"href":"https:\/\/mspontocom.com.br\/site\/wp-json\/wp\/v2\/posts\/177672\/revisions"}],"predecessor-version":[{"id":177690,"href":"https:\/\/mspontocom.com.br\/site\/wp-json\/wp\/v2\/posts\/177672\/revisions\/177690"}],"wp:featuredmedia":[{"embeddable":true,"href":"https:\/\/mspontocom.com.br\/site\/wp-json\/wp\/v2\/media\/177689"}],"wp:attachment":[{"href":"https:\/\/mspontocom.com.br\/site\/wp-json\/wp\/v2\/media?parent=177672"}],"wp:term":[{"taxonomy":"category","embeddable":true,"href":"https:\/\/mspontocom.com.br\/site\/wp-json\/wp\/v2\/categories?post=177672"},{"taxonomy":"post_tag","embeddable":true,"href":"https:\/\/mspontocom.com.br\/site\/wp-json\/wp\/v2\/tags?post=177672"}],"curies":[{"name":"wp","href":"https:\/\/api.w.org\/{rel}","templated":true}]}}