{"id":177708,"date":"2023-01-04T13:23:07","date_gmt":"2023-01-04T17:23:07","guid":{"rendered":"https:\/\/mspontocom.com.br\/site\/?p=177708"},"modified":"2023-01-04T13:20:55","modified_gmt":"2023-01-04T17:20:55","slug":"besteirol-seis-ministres-de-lula-usam-linguagem-neutra","status":"publish","type":"post","link":"https:\/\/mspontocom.com.br\/site\/besteirol-seis-ministres-de-lula-usam-linguagem-neutra\/","title":{"rendered":"BESTEIROL: Seis \u2018ministres\u2019 de Lula usam linguagem neutra"},"content":{"rendered":"<p style=\"text-align: justify;\"><img loading=\"lazy\" class=\"alignnone size-medium wp-image-177728\" src=\"https:\/\/mspontocom.com.br\/site\/wp-content\/uploads\/2023\/01\/site-besteirol-seis-ministres-de-lula-usam-linguagem-neutra-lingua-260x192.jpg\" alt=\"\" width=\"260\" height=\"192\" srcset=\"https:\/\/mspontocom.com.br\/site\/wp-content\/uploads\/2023\/01\/site-besteirol-seis-ministres-de-lula-usam-linguagem-neutra-lingua-260x192.jpg 260w, https:\/\/mspontocom.com.br\/site\/wp-content\/uploads\/2023\/01\/site-besteirol-seis-ministres-de-lula-usam-linguagem-neutra-lingua.jpg 635w\" sizes=\"(max-width: 260px) 100vw, 260px\" \/><\/p>\n<p style=\"text-align: justify;\">O besteirol da <strong>linguagem neutra<\/strong> foi usada nas posses de pelo menos seis novos ministros do presidente Luiz In\u00e1cio Lula da Silva (PT).<\/p>\n<p style=\"text-align: justify;\"><strong>A constru\u00e7\u00e3o lingu\u00edstica, recha\u00e7ada pela maior parte da popula\u00e7\u00e3o brasileira<\/strong>, \u00e9 usada para representar pessoas que n\u00e3o se identificam com os g\u00eaneros feminino e masculino.<\/p>\n<p style=\"text-align: justify;\">Durante as posses dos ministros Fernando Haddad (Fazenda), M\u00e1rcio Mac\u00eado (Secretaria-Geral de Governo), Margareth Menezes (Cultura) e de Silvio Almeida (Direitos Humanos e da Cidadania), os cerimonialistas saudaram o p\u00fablico no in\u00edcio e no fim dos eventos com um agradecimento usando a linguagem neutra: \u201ctodos, todas e todes\u201d.<\/p>\n<p>&nbsp;<\/p>\n","protected":false},"excerpt":{"rendered":"<p>O besteirol da linguagem neutra foi usada nas posses de pelo menos seis novos ministros do presidente Luiz In\u00e1cio Lula da Silva (PT). A constru\u00e7\u00e3o lingu\u00edstica, recha\u00e7ada pela maior parte da popula\u00e7\u00e3o brasileira, \u00e9 usada para representar pessoas que n\u00e3o se identificam com os g\u00eaneros feminino e masculino. Durante as posses dos ministros Fernando Haddad [&hellip;]<\/p>\n","protected":false},"author":2,"featured_media":177728,"comment_status":"open","ping_status":"open","sticky":false,"template":"","format":"standard","meta":{"_monsterinsights_skip_tracking":false,"_monsterinsights_sitenote_active":false,"_monsterinsights_sitenote_note":"","_monsterinsights_sitenote_category":0},"categories":[6],"tags":[38964,38263,480,587],"aioseo_notices":[],"_links":{"self":[{"href":"https:\/\/mspontocom.com.br\/site\/wp-json\/wp\/v2\/posts\/177708"}],"collection":[{"href":"https:\/\/mspontocom.com.br\/site\/wp-json\/wp\/v2\/posts"}],"about":[{"href":"https:\/\/mspontocom.com.br\/site\/wp-json\/wp\/v2\/types\/post"}],"author":[{"embeddable":true,"href":"https:\/\/mspontocom.com.br\/site\/wp-json\/wp\/v2\/users\/2"}],"replies":[{"embeddable":true,"href":"https:\/\/mspontocom.com.br\/site\/wp-json\/wp\/v2\/comments?post=177708"}],"version-history":[{"count":2,"href":"https:\/\/mspontocom.com.br\/site\/wp-json\/wp\/v2\/posts\/177708\/revisions"}],"predecessor-version":[{"id":177729,"href":"https:\/\/mspontocom.com.br\/site\/wp-json\/wp\/v2\/posts\/177708\/revisions\/177729"}],"wp:featuredmedia":[{"embeddable":true,"href":"https:\/\/mspontocom.com.br\/site\/wp-json\/wp\/v2\/media\/177728"}],"wp:attachment":[{"href":"https:\/\/mspontocom.com.br\/site\/wp-json\/wp\/v2\/media?parent=177708"}],"wp:term":[{"taxonomy":"category","embeddable":true,"href":"https:\/\/mspontocom.com.br\/site\/wp-json\/wp\/v2\/categories?post=177708"},{"taxonomy":"post_tag","embeddable":true,"href":"https:\/\/mspontocom.com.br\/site\/wp-json\/wp\/v2\/tags?post=177708"}],"curies":[{"name":"wp","href":"https:\/\/api.w.org\/{rel}","templated":true}]}}