{"id":177808,"date":"2023-01-07T07:35:41","date_gmt":"2023-01-07T11:35:41","guid":{"rendered":"https:\/\/mspontocom.com.br\/site\/?p=177808"},"modified":"2023-01-07T07:35:41","modified_gmt":"2023-01-07T11:35:41","slug":"advogados-pedem-impeachment-de-alexandre-de-moraes-no-senado","status":"publish","type":"post","link":"https:\/\/mspontocom.com.br\/site\/advogados-pedem-impeachment-de-alexandre-de-moraes-no-senado\/","title":{"rendered":"Advogados pedem impeachment de Alexandre de Moraes no Senado"},"content":{"rendered":"<p style=\"text-align: justify;\"><img loading=\"lazy\" class=\"alignnone size-medium wp-image-177813\" src=\"https:\/\/mspontocom.com.br\/site\/wp-content\/uploads\/2023\/01\/site-advogados-pedem-impeachment-de-alexandre-de-moraes-no-senado-ale-260x173.jpg\" alt=\"\" width=\"260\" height=\"173\" srcset=\"https:\/\/mspontocom.com.br\/site\/wp-content\/uploads\/2023\/01\/site-advogados-pedem-impeachment-de-alexandre-de-moraes-no-senado-ale-260x173.jpg 260w, https:\/\/mspontocom.com.br\/site\/wp-content\/uploads\/2023\/01\/site-advogados-pedem-impeachment-de-alexandre-de-moraes-no-senado-ale.jpg 768w\" sizes=\"(max-width: 260px) 100vw, 260px\" \/><\/p>\n<p style=\"text-align: justify;\">Um grupo de seis advogados protocolou no Senado um pedido de\u00a0<i>impeachment<\/i> do presidente do TSE e ministro do STF, Alexandre de Moraes.<\/p>\n<p style=\"text-align: justify;\">A peti\u00e7\u00e3o, disponibilizada no site do Senado, \u00e9 assinada pelos advogados Daniel Luis Nascimento Moura, Paulo C\u00e9sar Rodrigues de Faria, L\u00facia Erika de Oliveira Barreto, Paulo Fernando Alves Maffioletti, C\u00edntia de Jesus Aires e Marco Aur\u00e9lio Bacelar de Souza.<\/p>\n<p style=\"text-align: justify;\">Eles afirmam que Moraes, com suas decis\u00f5es judiciais, praticou, em pelo menos 17 ocasi\u00f5es, atos que podem se configurar como crime de responsabilidade, pass\u00edvel de ensejar a perda do cargo p\u00fablico.<\/p>\n<p style=\"text-align: justify;\">Os advogados citam o bloqueio de contas banc\u00e1rias e quebra de sigilo banc\u00e1rio de pessoas e telef\u00f4nico de empresas e pessoas que apoiaram os protestos contra a elei\u00e7\u00e3o do presidente Lula.<\/p>\n<p style=\"text-align: justify;\">Para eles, a conduta de Moraes \u201ccausou e ainda causa enorme inseguran\u00e7a jur\u00eddica, instabilidade nas institui\u00e7\u00f5es e vulnerabilidade dos direitos e garantias fundamentais dos cidad\u00e3os brasileiros\u201d.<\/p>\n<p style=\"text-align: justify;\">No entendimento dos autores do pedido de\u00a0<i>impeachment<\/i>, a quebra do sigilo banc\u00e1rio e o bloqueio de contas de quem apoiou os protestos \u201creferem-se \u2014 em tese \u2014 a tratamento desumano, degradante, sem fundamento dentro da Constitui\u00e7\u00e3o Federal.<\/p>\n<p style=\"text-align: justify;\">Eles tamb\u00e9m escreveram que Moraes afrontou a Constitui\u00e7\u00e3o, ao impedir a livre manifesta\u00e7\u00e3o de pensamento, bloqueando perfis em redes sociais, e o direito de reuni\u00e3o pac\u00edfica e sem armas, ao deferir medidas contra os manifestantes.<\/p>\n<p style=\"text-align: justify;\">Os advogados tamb\u00e9m citam a pris\u00e3o do l\u00edder ind\u00edgena Serere Xavente<\/p>\n<p style=\"text-align: justify;\">Para os autores da peti\u00e7\u00e3o, \u201cao que parece, o denunciado, em tese, persegue politicamente aqueles que n\u00e3o se coadunam com sua forma de enxergar as coisas (ou os fatos).\u201d<\/p>\n<p style=\"text-align: justify;\">\n","protected":false},"excerpt":{"rendered":"<p>Um grupo de seis advogados protocolou no Senado um pedido de\u00a0impeachment do presidente do TSE e ministro do STF, Alexandre de Moraes. A peti\u00e7\u00e3o, disponibilizada no site do Senado, \u00e9 assinada pelos advogados Daniel Luis Nascimento Moura, Paulo C\u00e9sar Rodrigues de Faria, L\u00facia Erika de Oliveira Barreto, Paulo Fernando Alves Maffioletti, C\u00edntia de Jesus Aires [&hellip;]<\/p>\n","protected":false},"author":2,"featured_media":177813,"comment_status":"open","ping_status":"open","sticky":false,"template":"","format":"standard","meta":{"_monsterinsights_skip_tracking":false,"_monsterinsights_sitenote_active":false,"_monsterinsights_sitenote_note":"","_monsterinsights_sitenote_category":0},"categories":[30260,2528,30259],"tags":[214,26336,5441],"aioseo_notices":[],"_links":{"self":[{"href":"https:\/\/mspontocom.com.br\/site\/wp-json\/wp\/v2\/posts\/177808"}],"collection":[{"href":"https:\/\/mspontocom.com.br\/site\/wp-json\/wp\/v2\/posts"}],"about":[{"href":"https:\/\/mspontocom.com.br\/site\/wp-json\/wp\/v2\/types\/post"}],"author":[{"embeddable":true,"href":"https:\/\/mspontocom.com.br\/site\/wp-json\/wp\/v2\/users\/2"}],"replies":[{"embeddable":true,"href":"https:\/\/mspontocom.com.br\/site\/wp-json\/wp\/v2\/comments?post=177808"}],"version-history":[{"count":2,"href":"https:\/\/mspontocom.com.br\/site\/wp-json\/wp\/v2\/posts\/177808\/revisions"}],"predecessor-version":[{"id":177814,"href":"https:\/\/mspontocom.com.br\/site\/wp-json\/wp\/v2\/posts\/177808\/revisions\/177814"}],"wp:featuredmedia":[{"embeddable":true,"href":"https:\/\/mspontocom.com.br\/site\/wp-json\/wp\/v2\/media\/177813"}],"wp:attachment":[{"href":"https:\/\/mspontocom.com.br\/site\/wp-json\/wp\/v2\/media?parent=177808"}],"wp:term":[{"taxonomy":"category","embeddable":true,"href":"https:\/\/mspontocom.com.br\/site\/wp-json\/wp\/v2\/categories?post=177808"},{"taxonomy":"post_tag","embeddable":true,"href":"https:\/\/mspontocom.com.br\/site\/wp-json\/wp\/v2\/tags?post=177808"}],"curies":[{"name":"wp","href":"https:\/\/api.w.org\/{rel}","templated":true}]}}