{"id":177870,"date":"2023-01-09T13:30:48","date_gmt":"2023-01-09T17:30:48","guid":{"rendered":"https:\/\/mspontocom.com.br\/site\/?p=177870"},"modified":"2023-01-09T13:30:48","modified_gmt":"2023-01-09T17:30:48","slug":"artigo-gaudencio-torquato-o-primeiro-olhar","status":"publish","type":"post","link":"https:\/\/mspontocom.com.br\/site\/artigo-gaudencio-torquato-o-primeiro-olhar\/","title":{"rendered":"Artigo Gaud\u00eancio Torquato:  O Primeiro olhar"},"content":{"rendered":"<p><img loading=\"lazy\" class=\"alignnone size-medium wp-image-177872\" src=\"https:\/\/mspontocom.com.br\/site\/wp-content\/uploads\/2023\/01\/site-artigo-gaudencio-torquato-o-primeiro-olhar-gaudencio-260x187.jpeg\" alt=\"\" width=\"260\" height=\"187\" srcset=\"https:\/\/mspontocom.com.br\/site\/wp-content\/uploads\/2023\/01\/site-artigo-gaudencio-torquato-o-primeiro-olhar-gaudencio-260x187.jpeg 260w, https:\/\/mspontocom.com.br\/site\/wp-content\/uploads\/2023\/01\/site-artigo-gaudencio-torquato-o-primeiro-olhar-gaudencio.jpeg 620w\" sizes=\"(max-width: 260px) 100vw, 260px\" \/><\/p>\n<p>O mspontocom publica semanlamente artigo do professor Ga\u00fbd\u00eancio Torquato.<\/p>\n<p><strong>Torquato \u00e9 escritor, jornalista, professor titular da USP e consultor pol\u00edtico<\/strong><\/p>\n<p>&nbsp;<\/p>\n<p style=\"text-align: justify;\">O primeiro olhar nem sempre traduz a ess\u00eancia do ente observado, seja ele uma pessoa, um fato, um governo. Mas n\u00e3o deixa de mostrar sinais que interpretam as imagens colhidas por nossos sistemas cognitivos.<\/p>\n<p style=\"text-align: justify;\">\n<p style=\"text-align: justify;\">Sob esse amanhecer, ainda turvo, este analista tenta enxergar os primeiros passos do governo Lula 3, sem pretens\u00e3o de julgar, criticar, opinar, e com o mero prop\u00f3sito de ajudar a entender o que poderemos ter pela frente no exerc\u00edcio da administra\u00e7\u00e3o federal nos pr\u00f3ximos anos.<\/p>\n<p style=\"text-align: justify;\">\n<p style=\"text-align: justify;\">Come\u00e7o com a infer\u00eancia de que Lula da Silva ser\u00e1 um governante muito centralizador, chamando a si as decis\u00f5es de vi\u00e9s pol\u00eamico, como mostrou em sua primeira reuni\u00e3o com os 37 ministros, ocorrida nesta \u00faltima sexta feira. O risco de diverg\u00eancias em um corpo t\u00e3o comprido de integrantes \u00e9 grande, maior do que no passado. A imagem do governo, ante eventuais querelas ministeriais, estaria muito abalada e Lula quer blindar sua administra\u00e7\u00e3o desde j\u00e1.<\/p>\n<p style=\"text-align: justify;\">\n<p style=\"text-align: justify;\">O pa\u00eds pol\u00edtico abriga, no ciclo que se inaugura, um infind\u00e1vel escopo de demandas, vis\u00f5es diferentes, correntes partid\u00e1rias, ainda ferventes na onda do polarizado e disputado pleito eleitoral. Que rachou o pa\u00eds ao meio. Mesmo com o acentuado discurso de que governar\u00e1 para todos, Lula dever\u00e1 enfrentar tempestades no curto e m\u00e9dio prazos. Deixemos o longo prazo para depois. N\u00e3o \u00e9 poss\u00edvel enxergar longe.<\/p>\n<p style=\"text-align: justify;\">Ir\u00e1 conter os quadros sob sua ordem de integra\u00e7\u00e3o de pensamentos e ideias? Depende. Se a economia deslanchar e as nuvens se dissiparem, essa hip\u00f3tese ser\u00e1 vi\u00e1vel. Mas n\u00e3o se espere calmaria ao redor da Torre, que pode ser a de Babel, cheia de brados, uns contra outros. Donde \u00e9 razo\u00e1vel prever a troca de figurantes na Esplanada dos Minist\u00e9rios.<\/p>\n<p style=\"text-align: justify;\">\n<p style=\"text-align: justify;\">Outro imbr\u00f3glio a ser objeto de pol\u00eamica \u00e9 o teor do petismo na administra\u00e7\u00e3o. \u00c9 conhecido o prop\u00f3sito de voltar a instalar uma era hegem\u00f4nica por parte do PT. Que pensa em lubrificar os parafusos da engrenagem administrativa, ocupando cargos-chave e espa\u00e7os que possam aumentar seu poder.<\/p>\n<p style=\"text-align: justify;\">\n<p style=\"text-align: justify;\">Lula, por\u00e9m, foi eleito por uma frente ampla de partidos e correntes. E sabe que milhares de eleitores votaram nele por defender a ordem democr\u00e1tica. N\u00e3o por simpatia a ele ou apoio ao PT. A consci\u00eancia democr\u00e1tica motivou parcela do eleitorado.<\/p>\n<p style=\"text-align: justify;\">\n<p style=\"text-align: justify;\">Tal consci\u00eancia tende a se espraiar pela comunidade pol\u00edtica, a ponto de ser ela, em 2026, o ponto dentro da curva a definir o sucesso de uns e o insucesso de outros na moldura eleitoral. Lula sabe disso, experiente que \u00e9, mas o PT tem outro pensamento. Vai lutar para estender sua condi\u00e7\u00e3o de primeiro ente partid\u00e1rio. PT versus frente ampla ser\u00e1 um problema para Lula administrar.<\/p>\n<div class=\"m_-5659153504562320636he-col m_-5659153504562320636he-last\" style=\"text-align: justify;\"><\/div>\n<div>\n<p style=\"text-align: justify;\">Na sequ\u00eancia das montanhas que Lula dever\u00e1 escalar, est\u00e1 sua vis\u00e3o \u2013\u00a0o teto de gastos \u00e9 uma estupidez \u00a0\u2013 e a vis\u00e3o do bom senso, ancorada na opini\u00e3o de economistas e investidores, que prega responsabilidade fiscal, sustentabilidade das contas p\u00fablicas. Fernando Haddad, o ministro da Fazenda, mais parece, hoje, um d\u00e2ndi na escurid\u00e3o ou, em outra imagem, um ministro saltando entre a cruz e a caldeirinha. O que diz abala o mercado. E o que n\u00e3o diz tamb\u00e9m. A ministra Simone Tebet, do Planejamento, ser\u00e1 o contraponto ao desenvolvimentismo gastador de Haddad.<\/p>\n<p style=\"text-align: justify;\">\n<p style=\"text-align: justify;\">Os eventos acontecem na esteira das circunst\u00e2ncias. Na \u00e1rea do meio ambiente e mudan\u00e7as clim\u00e1ticas, ser\u00e1 travada a mais contundente batalha. As medidas e os meios de controle e de puni\u00e7\u00e3o, criados sob a vis\u00e3o da ministra Marina Silva, propiciar\u00e3o imagens impactantes para uso da m\u00eddia e ajustamento do pa\u00eds \u00e0 pauta ambiental. A ex-senadora \u00e9 um dos \u00edcones mais festejados do ambientalismo do planeta. E a cara do Brasil tende a criar simpatia no contexto das Na\u00e7\u00f5es.<\/p>\n<p style=\"text-align: justify;\">Economia consolidada, garantindo crescimento razo\u00e1vel do PIB; contas p\u00fablicas sob olhar n\u00e3o t\u00e3o severo do chefe Haddad; esfera pol\u00edtica satisfeita com atendimento a suas demandas; frente de apoio no Congresso que seja capaz de aprovar a agenda do Executivo; extenso cobertor social que cubra todo o corpo das margens carentes e consiga agradar os est\u00f4magos famintos; e um estilo de governar sem ran\u00e7os de vingan\u00e7a e que contenha a ambi\u00e7\u00e3o desmesurada do PT \u2013 s\u00e3o esses os sinais que se enxergam, desde j\u00e1, para o pa\u00eds chegar ao porto seguro de 2026.<\/p>\n<p style=\"text-align: justify;\">\n<p style=\"text-align: justify;\">Para um governante bem-sucedido, dizer que n\u00e3o ser\u00e1 candidato \u00e0 reelei\u00e7\u00e3o \u00e9 lorota. Lula promete se conter com este mandato. Blefe. Claro, n\u00e3o pode e n\u00e3o deve acenar com esta possibilidade hoje. Abriria uma toada de zangas e diverg\u00eancias. Mas as gl\u00f3rias do poder acalentam cora\u00e7\u00f5es e mentes. Mais ainda, figuras que vestem o manto de reconstrutor do pa\u00eds.<\/p>\n<\/div>\n","protected":false},"excerpt":{"rendered":"<p>O mspontocom publica semanlamente artigo do professor Ga\u00fbd\u00eancio Torquato. Torquato \u00e9 escritor, jornalista, professor titular da USP e consultor pol\u00edtico &nbsp; O primeiro olhar nem sempre traduz a ess\u00eancia do ente observado, seja ele uma pessoa, um fato, um governo. Mas n\u00e3o deixa de mostrar sinais que interpretam as imagens colhidas por nossos sistemas cognitivos. [&hellip;]<\/p>\n","protected":false},"author":2,"featured_media":177872,"comment_status":"open","ping_status":"open","sticky":false,"template":"","format":"standard","meta":{"_monsterinsights_skip_tracking":false,"_monsterinsights_sitenote_active":false,"_monsterinsights_sitenote_note":"","_monsterinsights_sitenote_category":0},"categories":[12],"tags":[17132,34523],"aioseo_notices":[],"_links":{"self":[{"href":"https:\/\/mspontocom.com.br\/site\/wp-json\/wp\/v2\/posts\/177870"}],"collection":[{"href":"https:\/\/mspontocom.com.br\/site\/wp-json\/wp\/v2\/posts"}],"about":[{"href":"https:\/\/mspontocom.com.br\/site\/wp-json\/wp\/v2\/types\/post"}],"author":[{"embeddable":true,"href":"https:\/\/mspontocom.com.br\/site\/wp-json\/wp\/v2\/users\/2"}],"replies":[{"embeddable":true,"href":"https:\/\/mspontocom.com.br\/site\/wp-json\/wp\/v2\/comments?post=177870"}],"version-history":[{"count":1,"href":"https:\/\/mspontocom.com.br\/site\/wp-json\/wp\/v2\/posts\/177870\/revisions"}],"predecessor-version":[{"id":177873,"href":"https:\/\/mspontocom.com.br\/site\/wp-json\/wp\/v2\/posts\/177870\/revisions\/177873"}],"wp:featuredmedia":[{"embeddable":true,"href":"https:\/\/mspontocom.com.br\/site\/wp-json\/wp\/v2\/media\/177872"}],"wp:attachment":[{"href":"https:\/\/mspontocom.com.br\/site\/wp-json\/wp\/v2\/media?parent=177870"}],"wp:term":[{"taxonomy":"category","embeddable":true,"href":"https:\/\/mspontocom.com.br\/site\/wp-json\/wp\/v2\/categories?post=177870"},{"taxonomy":"post_tag","embeddable":true,"href":"https:\/\/mspontocom.com.br\/site\/wp-json\/wp\/v2\/tags?post=177870"}],"curies":[{"name":"wp","href":"https:\/\/api.w.org\/{rel}","templated":true}]}}