{"id":177961,"date":"2023-01-19T07:45:22","date_gmt":"2023-01-19T11:45:22","guid":{"rendered":"https:\/\/mspontocom.com.br\/site\/?p=177961"},"modified":"2023-01-19T07:53:31","modified_gmt":"2023-01-19T11:53:31","slug":"estagio-nestle-2023-abertas-inscricoes-para-processo-seletivo","status":"publish","type":"post","link":"https:\/\/mspontocom.com.br\/site\/estagio-nestle-2023-abertas-inscricoes-para-processo-seletivo\/","title":{"rendered":"Est\u00e1gio Nestle 2023:  Abertas inscri\u00e7\u00f5es para Processo seletivo"},"content":{"rendered":"<p style=\"text-align: justify;\"><img loading=\"lazy\" class=\"alignnone size-medium wp-image-177975\" src=\"https:\/\/mspontocom.com.br\/site\/wp-content\/uploads\/2023\/01\/site-processo-seletivo-nestle-2023-tem-vagas-abertas-em-diversas-areas-nestle-260x146.jpeg\" alt=\"\" width=\"260\" height=\"146\" srcset=\"https:\/\/mspontocom.com.br\/site\/wp-content\/uploads\/2023\/01\/site-processo-seletivo-nestle-2023-tem-vagas-abertas-em-diversas-areas-nestle-260x146.jpeg 260w, https:\/\/mspontocom.com.br\/site\/wp-content\/uploads\/2023\/01\/site-processo-seletivo-nestle-2023-tem-vagas-abertas-em-diversas-areas-nestle.jpeg 685w\" sizes=\"(max-width: 260px) 100vw, 260px\" \/><\/p>\n<p style=\"text-align: justify;\">A Nestl\u00e9 est\u00e1 em busca de novos talentos para seu\u00a0<strong>Programa de Est\u00e1gio Nestl\u00e9 2023.<\/strong><\/p>\n<p style=\"text-align: justify;\">Estudantes de todos os cursos superiores e t\u00e9cnicos e que estejam cursando entre o terceiro semestre e o pen\u00faltimo ano podem se inscrever no processo seletivo.<\/p>\n<p style=\"text-align: justify;\">O Programa de Est\u00e1gio Nestl\u00e9 2023\u00a0aceita candidatos de todas as idades.<\/p>\n<p style=\"text-align: justify;\">A companhia solicita que os interessados conhe\u00e7am o pacote Office (Word, Excel e Power Point),<\/p>\n<h2 style=\"text-align: justify;\">\u00c1reas com vagas abertas<\/h2>\n<ul style=\"text-align: justify;\">\n<li>Finan\u00e7as &amp; Controle<\/li>\n<li>Gest\u00e3o de Pessoas &amp; Compliance<\/li>\n<li>Jur\u00eddico<\/li>\n<li>Marketing &amp; Comunica\u00e7\u00e3o<\/li>\n<li>Supply Chain<\/li>\n<li>Engenharias e Qualidade<\/li>\n<li>Tecnologia da Informa\u00e7\u00e3o<\/li>\n<li>Transforma\u00e7\u00e3o Digital<\/li>\n<li>Vendas &amp; Trade<\/li>\n<\/ul>\n<p style=\"text-align: justify;\">As inscri\u00e7\u00f5es para o\u00a0<strong>Programa de Est\u00e1gio Nestl\u00e9 2023<\/strong>\u00a0v\u00e3o at\u00e9 o dia 31 de janeiro por meio do acesso ao site link:\u00a0<a href=\"http:\/\/www.bettha.com\/estagionestle2023\" target=\"_blank\" rel=\"noopener\">www.bettha.com\/estagionestle2023<\/a>.<\/p>\n<p style=\"text-align: justify;\">Para conferir oportunidades de outras \u00e1reas, os candidatos podem fazer o cadastro no site\u00a0<a href=\"http:\/\/www.nestle.com.br\/carreiras\/trabalha-na-nestle\" target=\"_blank\" rel=\"noopener\">www.nestle.com.br\/carreiras<\/a>.<\/p>\n<p style=\"text-align: justify;\">Vagas na sede da empresa localizada na capital paulista.<\/p>\n","protected":false},"excerpt":{"rendered":"<p>A Nestl\u00e9 est\u00e1 em busca de novos talentos para seu\u00a0Programa de Est\u00e1gio Nestl\u00e9 2023. Estudantes de todos os cursos superiores e t\u00e9cnicos e que estejam cursando entre o terceiro semestre e o pen\u00faltimo ano podem se inscrever no processo seletivo. O Programa de Est\u00e1gio Nestl\u00e9 2023\u00a0aceita candidatos de todas as idades. A companhia solicita que [&hellip;]<\/p>\n","protected":false},"author":2,"featured_media":177975,"comment_status":"open","ping_status":"open","sticky":false,"template":"","format":"standard","meta":{"_monsterinsights_skip_tracking":false,"_monsterinsights_sitenote_active":false,"_monsterinsights_sitenote_note":"","_monsterinsights_sitenote_category":0},"categories":[28176],"tags":[6350,11567,2545,347],"aioseo_notices":[],"_links":{"self":[{"href":"https:\/\/mspontocom.com.br\/site\/wp-json\/wp\/v2\/posts\/177961"}],"collection":[{"href":"https:\/\/mspontocom.com.br\/site\/wp-json\/wp\/v2\/posts"}],"about":[{"href":"https:\/\/mspontocom.com.br\/site\/wp-json\/wp\/v2\/types\/post"}],"author":[{"embeddable":true,"href":"https:\/\/mspontocom.com.br\/site\/wp-json\/wp\/v2\/users\/2"}],"replies":[{"embeddable":true,"href":"https:\/\/mspontocom.com.br\/site\/wp-json\/wp\/v2\/comments?post=177961"}],"version-history":[{"count":4,"href":"https:\/\/mspontocom.com.br\/site\/wp-json\/wp\/v2\/posts\/177961\/revisions"}],"predecessor-version":[{"id":178161,"href":"https:\/\/mspontocom.com.br\/site\/wp-json\/wp\/v2\/posts\/177961\/revisions\/178161"}],"wp:featuredmedia":[{"embeddable":true,"href":"https:\/\/mspontocom.com.br\/site\/wp-json\/wp\/v2\/media\/177975"}],"wp:attachment":[{"href":"https:\/\/mspontocom.com.br\/site\/wp-json\/wp\/v2\/media?parent=177961"}],"wp:term":[{"taxonomy":"category","embeddable":true,"href":"https:\/\/mspontocom.com.br\/site\/wp-json\/wp\/v2\/categories?post=177961"},{"taxonomy":"post_tag","embeddable":true,"href":"https:\/\/mspontocom.com.br\/site\/wp-json\/wp\/v2\/tags?post=177961"}],"curies":[{"name":"wp","href":"https:\/\/api.w.org\/{rel}","templated":true}]}}