{"id":178012,"date":"2023-01-14T07:02:12","date_gmt":"2023-01-14T11:02:12","guid":{"rendered":"https:\/\/mspontocom.com.br\/site\/?p=178012"},"modified":"2023-01-14T07:02:12","modified_gmt":"2023-01-14T11:02:12","slug":"senador-vai-pedir-a-prisao-de-flavio-dino-ele-e-lula-sabiam-da-invasao","status":"publish","type":"post","link":"https:\/\/mspontocom.com.br\/site\/senador-vai-pedir-a-prisao-de-flavio-dino-ele-e-lula-sabiam-da-invasao\/","title":{"rendered":"Senador vai pedir a pris\u00e3o de Fl\u00e1vio Dino. Ele e Lula sabiam da invas\u00e3o"},"content":{"rendered":"<p style=\"text-align: justify;\"><img loading=\"lazy\" class=\"alignnone size-medium wp-image-178013\" src=\"https:\/\/mspontocom.com.br\/site\/wp-content\/uploads\/2023\/01\/site-senador-vai-pedir-a-prisao-de-flavio-dino-ele-e-lula-sabiam-da-invasao-dino-260x146.jpg\" alt=\"\" width=\"260\" height=\"146\" srcset=\"https:\/\/mspontocom.com.br\/site\/wp-content\/uploads\/2023\/01\/site-senador-vai-pedir-a-prisao-de-flavio-dino-ele-e-lula-sabiam-da-invasao-dino-260x146.jpg 260w, https:\/\/mspontocom.com.br\/site\/wp-content\/uploads\/2023\/01\/site-senador-vai-pedir-a-prisao-de-flavio-dino-ele-e-lula-sabiam-da-invasao-dino.jpg 640w\" sizes=\"(max-width: 260px) 100vw, 260px\" \/><\/p>\n<p style=\"text-align: justify;\">O senador Marcos do Val (Podemos-ES) vai pedir o afastamento e a pris\u00e3o do ministro Fl\u00e1vio Dino, da Justi\u00e7a e Seguran\u00e7a P\u00fablica, \u00e0 Procuradoria-Geral da Rep\u00fablica.<\/p>\n<p style=\"text-align: justify;\">Segundo o parlamentar, ficou comprovado que Dino sabia do risco de vandalismo que a Esplanada dos Minist\u00e9rios corria no fim de semana passado.<\/p>\n<p style=\"text-align: justify;\">Ainda de acordo com Do Val, o presidente <strong>Luiz In\u00e1cio Lula da Silva tamb\u00e9m tinha ci\u00eancia dos atos que resultaram em depreda\u00e7\u00e3o<\/strong> do Supremo Tribunal Federal, do Congresso Nacional e do Pal\u00e1cio do Planalto.<\/p>\n","protected":false},"excerpt":{"rendered":"<p>O senador Marcos do Val (Podemos-ES) vai pedir o afastamento e a pris\u00e3o do ministro Fl\u00e1vio Dino, da Justi\u00e7a e Seguran\u00e7a P\u00fablica, \u00e0 Procuradoria-Geral da Rep\u00fablica. Segundo o parlamentar, ficou comprovado que Dino sabia do risco de vandalismo que a Esplanada dos Minist\u00e9rios corria no fim de semana passado. Ainda de acordo com Do Val, [&hellip;]<\/p>\n","protected":false},"author":2,"featured_media":178013,"comment_status":"open","ping_status":"open","sticky":false,"template":"","format":"standard","meta":{"_monsterinsights_skip_tracking":false,"_monsterinsights_sitenote_active":false,"_monsterinsights_sitenote_note":"","_monsterinsights_sitenote_category":0},"categories":[30260,30259,12],"tags":[33940,13455,31262,3698],"aioseo_notices":[],"_links":{"self":[{"href":"https:\/\/mspontocom.com.br\/site\/wp-json\/wp\/v2\/posts\/178012"}],"collection":[{"href":"https:\/\/mspontocom.com.br\/site\/wp-json\/wp\/v2\/posts"}],"about":[{"href":"https:\/\/mspontocom.com.br\/site\/wp-json\/wp\/v2\/types\/post"}],"author":[{"embeddable":true,"href":"https:\/\/mspontocom.com.br\/site\/wp-json\/wp\/v2\/users\/2"}],"replies":[{"embeddable":true,"href":"https:\/\/mspontocom.com.br\/site\/wp-json\/wp\/v2\/comments?post=178012"}],"version-history":[{"count":1,"href":"https:\/\/mspontocom.com.br\/site\/wp-json\/wp\/v2\/posts\/178012\/revisions"}],"predecessor-version":[{"id":178014,"href":"https:\/\/mspontocom.com.br\/site\/wp-json\/wp\/v2\/posts\/178012\/revisions\/178014"}],"wp:featuredmedia":[{"embeddable":true,"href":"https:\/\/mspontocom.com.br\/site\/wp-json\/wp\/v2\/media\/178013"}],"wp:attachment":[{"href":"https:\/\/mspontocom.com.br\/site\/wp-json\/wp\/v2\/media?parent=178012"}],"wp:term":[{"taxonomy":"category","embeddable":true,"href":"https:\/\/mspontocom.com.br\/site\/wp-json\/wp\/v2\/categories?post=178012"},{"taxonomy":"post_tag","embeddable":true,"href":"https:\/\/mspontocom.com.br\/site\/wp-json\/wp\/v2\/tags?post=178012"}],"curies":[{"name":"wp","href":"https:\/\/api.w.org\/{rel}","templated":true}]}}