{"id":178035,"date":"2023-01-15T06:58:53","date_gmt":"2023-01-15T10:58:53","guid":{"rendered":"https:\/\/mspontocom.com.br\/site\/?p=178035"},"modified":"2023-01-15T06:58:53","modified_gmt":"2023-01-15T10:58:53","slug":"deputado-de-portugal-chama-lula-de-bandido-e-e-repreendido","status":"publish","type":"post","link":"https:\/\/mspontocom.com.br\/site\/deputado-de-portugal-chama-lula-de-bandido-e-e-repreendido\/","title":{"rendered":"Deputado de Portugal chama Lula de \u201cbandido\u201d e \u00e9 repreendido"},"content":{"rendered":"<p style=\"text-align: justify;\"><img loading=\"lazy\" class=\"alignnone size-medium wp-image-178036\" src=\"https:\/\/mspontocom.com.br\/site\/wp-content\/uploads\/2023\/01\/site-deputado-de-portugal-chama-lula-de-bandido-e-e-repreendido-chega-260x173.jpg\" alt=\"\" width=\"260\" height=\"173\" srcset=\"https:\/\/mspontocom.com.br\/site\/wp-content\/uploads\/2023\/01\/site-deputado-de-portugal-chama-lula-de-bandido-e-e-repreendido-chega-260x173.jpg 260w, https:\/\/mspontocom.com.br\/site\/wp-content\/uploads\/2023\/01\/site-deputado-de-portugal-chama-lula-de-bandido-e-e-repreendido-chega.jpg 640w\" sizes=\"(max-width: 260px) 100vw, 260px\" \/><\/p>\n<p style=\"text-align: justify;\">O deputado de Portugal Andr\u00e9 Ventura (foto) chamou o presidente do Brasil, Luiz In\u00e1cio Lula da Silva (PT), de \u201cbandido\u201d durante sess\u00e3o da Assembleia Nacional na 6\u00aa feira.<\/p>\n<p style=\"text-align: justify;\">Parlamentares votavam condena\u00e7\u00e3o simb\u00f3lica \u00e0 invas\u00e3o das sedes dos Tr\u00eas Poderes, em Bras\u00edlia, no 8 de Janeiro.<\/p>\n<p style=\"text-align: justify;\">O l\u00edder do Chega,\u00a0 partido de direita portugu\u00eas, afirmou que compreende \u201cperfeitamente a f\u00faria e angustia de milh\u00f5es de brasileiros ao verem seu pa\u00eds governado por um bandido\u201d.<\/p>\n<p>O presidente da Assembleia e autor do voto de condena\u00e7\u00e3o, Augusto Santos Silva (Partido Socialista), rebateu Ventura. Afirmou que \u201cessa \u00e9 uma express\u00e3o ofensiva em rela\u00e7\u00e3o ao presidente de um pa\u00eds muito amigo de Portugal\u201d.<\/p>\n<p>Andr\u00e9 Ventura replicou e disse que \u201c\u00e9 dif\u00edcil se referir ao presidente do Brasil de outra forma\u201d.<\/p>\n<p style=\"text-align: justify;\">Ao final de sua fala, Ventura afirmou que entendia os acampamentos montados por apoiadores do ex-presidente Jair Bolsonaro.<\/p>\n","protected":false},"excerpt":{"rendered":"<p>O deputado de Portugal Andr\u00e9 Ventura (foto) chamou o presidente do Brasil, Luiz In\u00e1cio Lula da Silva (PT), de \u201cbandido\u201d durante sess\u00e3o da Assembleia Nacional na 6\u00aa feira. Parlamentares votavam condena\u00e7\u00e3o simb\u00f3lica \u00e0 invas\u00e3o das sedes dos Tr\u00eas Poderes, em Bras\u00edlia, no 8 de Janeiro. O l\u00edder do Chega,\u00a0 partido de direita portugu\u00eas, afirmou que [&hellip;]<\/p>\n","protected":false},"author":2,"featured_media":178036,"comment_status":"open","ping_status":"open","sticky":false,"template":"","format":"standard","meta":{"_monsterinsights_skip_tracking":false,"_monsterinsights_sitenote_active":false,"_monsterinsights_sitenote_note":"","_monsterinsights_sitenote_category":0},"categories":[7],"tags":[39028,30594,24557,480,339],"aioseo_notices":[],"_links":{"self":[{"href":"https:\/\/mspontocom.com.br\/site\/wp-json\/wp\/v2\/posts\/178035"}],"collection":[{"href":"https:\/\/mspontocom.com.br\/site\/wp-json\/wp\/v2\/posts"}],"about":[{"href":"https:\/\/mspontocom.com.br\/site\/wp-json\/wp\/v2\/types\/post"}],"author":[{"embeddable":true,"href":"https:\/\/mspontocom.com.br\/site\/wp-json\/wp\/v2\/users\/2"}],"replies":[{"embeddable":true,"href":"https:\/\/mspontocom.com.br\/site\/wp-json\/wp\/v2\/comments?post=178035"}],"version-history":[{"count":1,"href":"https:\/\/mspontocom.com.br\/site\/wp-json\/wp\/v2\/posts\/178035\/revisions"}],"predecessor-version":[{"id":178037,"href":"https:\/\/mspontocom.com.br\/site\/wp-json\/wp\/v2\/posts\/178035\/revisions\/178037"}],"wp:featuredmedia":[{"embeddable":true,"href":"https:\/\/mspontocom.com.br\/site\/wp-json\/wp\/v2\/media\/178036"}],"wp:attachment":[{"href":"https:\/\/mspontocom.com.br\/site\/wp-json\/wp\/v2\/media?parent=178035"}],"wp:term":[{"taxonomy":"category","embeddable":true,"href":"https:\/\/mspontocom.com.br\/site\/wp-json\/wp\/v2\/categories?post=178035"},{"taxonomy":"post_tag","embeddable":true,"href":"https:\/\/mspontocom.com.br\/site\/wp-json\/wp\/v2\/tags?post=178035"}],"curies":[{"name":"wp","href":"https:\/\/api.w.org\/{rel}","templated":true}]}}