{"id":178042,"date":"2023-01-16T06:45:52","date_gmt":"2023-01-16T10:45:52","guid":{"rendered":"https:\/\/mspontocom.com.br\/site\/?p=178042"},"modified":"2023-01-16T07:15:20","modified_gmt":"2023-01-16T11:15:20","slug":"lula-nao-significa-sozinho-a-democracia-no-brasil-diz-cidadania","status":"publish","type":"post","link":"https:\/\/mspontocom.com.br\/site\/lula-nao-significa-sozinho-a-democracia-no-brasil-diz-cidadania\/","title":{"rendered":"\u2018Lula n\u00e3o significa sozinho a democracia no Brasil\u2019, diz Cidadania"},"content":{"rendered":"<p style=\"text-align: justify;\"><img loading=\"lazy\" class=\"alignnone size-medium wp-image-178054\" src=\"https:\/\/mspontocom.com.br\/site\/wp-content\/uploads\/2023\/01\/site-lula-nao-significa-sozinho-a-democracia-no-brasil-diz-cidadania-lula-01-260x155.jpg\" alt=\"\" width=\"260\" height=\"155\" srcset=\"https:\/\/mspontocom.com.br\/site\/wp-content\/uploads\/2023\/01\/site-lula-nao-significa-sozinho-a-democracia-no-brasil-diz-cidadania-lula-01-260x155.jpg 260w, https:\/\/mspontocom.com.br\/site\/wp-content\/uploads\/2023\/01\/site-lula-nao-significa-sozinho-a-democracia-no-brasil-diz-cidadania-lula-01-768x457.jpg 768w, https:\/\/mspontocom.com.br\/site\/wp-content\/uploads\/2023\/01\/site-lula-nao-significa-sozinho-a-democracia-no-brasil-diz-cidadania-lula-01.jpg 984w\" sizes=\"(max-width: 260px) 100vw, 260px\" \/><\/p>\n<p style=\"text-align: justify;\">Deputados do partido <strong>Cidadania<\/strong> optaram por manter uma posi\u00e7\u00e3o de independ\u00eancia e n\u00e3o participar da base aliada do governo de <strong>Lula.<\/strong><\/p>\n<p style=\"text-align: justify;\">A decis\u00e3o vai contra a posi\u00e7\u00e3o oficial do diret\u00f3rio nacional, que decidiu que prestaria apoio \u201cincondicional\u201d ao presidente.<\/p>\n<p style=\"text-align: justify;\"><strong>&#8220;O Lula n\u00e3o significa sozinho a democracia no Brasil\u201d,<\/strong> declarou o deputado Alex Manente, l\u00edder do Cidadania na C\u00e2mara dos Deputados.<\/p>\n<p style=\"text-align: justify;\">Com cinco representantes para a pr\u00f3xima gest\u00e3o, a bancada da Casa publicou uma nota afirmando que os deputados eleitos ir\u00e3o se pautar pelos princ\u00edpios do partido e apoiar propostas aliadas com o programa partid\u00e1rio.<\/p>\n","protected":false},"excerpt":{"rendered":"<p>Deputados do partido Cidadania optaram por manter uma posi\u00e7\u00e3o de independ\u00eancia e n\u00e3o participar da base aliada do governo de Lula. A decis\u00e3o vai contra a posi\u00e7\u00e3o oficial do diret\u00f3rio nacional, que decidiu que prestaria apoio \u201cincondicional\u201d ao presidente. &#8220;O Lula n\u00e3o significa sozinho a democracia no Brasil\u201d, declarou o deputado Alex Manente, l\u00edder do [&hellip;]<\/p>\n","protected":false},"author":2,"featured_media":178054,"comment_status":"open","ping_status":"open","sticky":false,"template":"","format":"standard","meta":{"_monsterinsights_skip_tracking":false,"_monsterinsights_sitenote_active":false,"_monsterinsights_sitenote_note":"","_monsterinsights_sitenote_category":0},"categories":[12],"tags":[1611,39032],"aioseo_notices":[],"_links":{"self":[{"href":"https:\/\/mspontocom.com.br\/site\/wp-json\/wp\/v2\/posts\/178042"}],"collection":[{"href":"https:\/\/mspontocom.com.br\/site\/wp-json\/wp\/v2\/posts"}],"about":[{"href":"https:\/\/mspontocom.com.br\/site\/wp-json\/wp\/v2\/types\/post"}],"author":[{"embeddable":true,"href":"https:\/\/mspontocom.com.br\/site\/wp-json\/wp\/v2\/users\/2"}],"replies":[{"embeddable":true,"href":"https:\/\/mspontocom.com.br\/site\/wp-json\/wp\/v2\/comments?post=178042"}],"version-history":[{"count":2,"href":"https:\/\/mspontocom.com.br\/site\/wp-json\/wp\/v2\/posts\/178042\/revisions"}],"predecessor-version":[{"id":178055,"href":"https:\/\/mspontocom.com.br\/site\/wp-json\/wp\/v2\/posts\/178042\/revisions\/178055"}],"wp:featuredmedia":[{"embeddable":true,"href":"https:\/\/mspontocom.com.br\/site\/wp-json\/wp\/v2\/media\/178054"}],"wp:attachment":[{"href":"https:\/\/mspontocom.com.br\/site\/wp-json\/wp\/v2\/media?parent=178042"}],"wp:term":[{"taxonomy":"category","embeddable":true,"href":"https:\/\/mspontocom.com.br\/site\/wp-json\/wp\/v2\/categories?post=178042"},{"taxonomy":"post_tag","embeddable":true,"href":"https:\/\/mspontocom.com.br\/site\/wp-json\/wp\/v2\/tags?post=178042"}],"curies":[{"name":"wp","href":"https:\/\/api.w.org\/{rel}","templated":true}]}}