{"id":178107,"date":"2023-01-18T14:40:27","date_gmt":"2023-01-18T18:40:27","guid":{"rendered":"https:\/\/mspontocom.com.br\/site\/?p=178107"},"modified":"2023-01-18T14:32:08","modified_gmt":"2023-01-18T18:32:08","slug":"pl-negocia-nome-de-michelle-bolsonaro-para-eleicoes-de-2024-e-2026","status":"publish","type":"post","link":"https:\/\/mspontocom.com.br\/site\/pl-negocia-nome-de-michelle-bolsonaro-para-eleicoes-de-2024-e-2026\/","title":{"rendered":"PL negocia nome de Michelle Bolsonaro para elei\u00e7\u00f5es de 2024 e 2026"},"content":{"rendered":"<p style=\"text-align: justify;\"><img loading=\"lazy\" class=\"alignnone size-medium wp-image-178119\" src=\"https:\/\/mspontocom.com.br\/site\/wp-content\/uploads\/2023\/01\/site-pl-negocia-nome-de-michelle-bolsonaro-para-eleicoes-de-2024-e-2026-michelle-260x136.jpg\" alt=\"\" width=\"260\" height=\"136\" srcset=\"https:\/\/mspontocom.com.br\/site\/wp-content\/uploads\/2023\/01\/site-pl-negocia-nome-de-michelle-bolsonaro-para-eleicoes-de-2024-e-2026-michelle-260x136.jpg 260w, https:\/\/mspontocom.com.br\/site\/wp-content\/uploads\/2023\/01\/site-pl-negocia-nome-de-michelle-bolsonaro-para-eleicoes-de-2024-e-2026-michelle-1024x536.jpg 1024w, https:\/\/mspontocom.com.br\/site\/wp-content\/uploads\/2023\/01\/site-pl-negocia-nome-de-michelle-bolsonaro-para-eleicoes-de-2024-e-2026-michelle-768x402.jpg 768w, https:\/\/mspontocom.com.br\/site\/wp-content\/uploads\/2023\/01\/site-pl-negocia-nome-de-michelle-bolsonaro-para-eleicoes-de-2024-e-2026-michelle.jpg 1200w\" sizes=\"(max-width: 260px) 100vw, 260px\" \/><\/p>\n<p style=\"text-align: justify;\">O Partido Liberal negocia o nome da ex-primeira-dama Michelle Bolsonaro para ser candidata nas elei\u00e7\u00f5es de 2024 e tamb\u00e9m em 2026.<\/p>\n<p style=\"text-align: justify;\">O PL acredita que ela seria herdeira dos votos do seu marido, o ex-presidente Jair Bolsonaro.<\/p>\n<p style=\"text-align: justify;\">A ideia seria, inclusive, j\u00e1 promover algumas viagens dela por localidades estrat\u00e9gicas.<\/p>\n<p style=\"text-align: justify;\">No entanto, a aplica\u00e7\u00e3o de esfor\u00e7os em torno do nome dela vai depender de como ser\u00e1 a vida do ex-presidente daqui para a frente, at\u00e9 mesmo diante da Justi\u00e7a, se ele ficar\u00e1 ineleg\u00edvel ou n\u00e3o.<\/p>\n<p style=\"text-align: justify;\">Algumas pessoas ligadas ao partido ouvidas pela equipe de reportagem da <strong>Jovem Pan<\/strong> dizem acreditar que o ex-presidente vai ressurgir ap\u00f3s o Carnaval e retomada do calend\u00e1rio de trabalho do Congresso Nacional e que, diante de n\u00fameros do governo Lula, que n\u00e3o animam o mercado financeiro, ele iria recuperar for\u00e7a no cen\u00e1rio da pol\u00edtica nacional.<\/p>\n<p>&nbsp;<\/p>\n<p><em>*Com informa\u00e7\u00f5es do rep\u00f3rter Bruno Pinheiro, Jovem Pan<\/em><\/p>\n","protected":false},"excerpt":{"rendered":"<p>O Partido Liberal negocia o nome da ex-primeira-dama Michelle Bolsonaro para ser candidata nas elei\u00e7\u00f5es de 2024 e tamb\u00e9m em 2026. O PL acredita que ela seria herdeira dos votos do seu marido, o ex-presidente Jair Bolsonaro. A ideia seria, inclusive, j\u00e1 promover algumas viagens dela por localidades estrat\u00e9gicas. No entanto, a aplica\u00e7\u00e3o de esfor\u00e7os [&hellip;]<\/p>\n","protected":false},"author":2,"featured_media":178119,"comment_status":"open","ping_status":"open","sticky":false,"template":"","format":"standard","meta":{"_monsterinsights_skip_tracking":false,"_monsterinsights_sitenote_active":false,"_monsterinsights_sitenote_note":"","_monsterinsights_sitenote_category":0},"categories":[30260,30259,12],"tags":[23974,34531,21017,27680,33069,35408],"aioseo_notices":[],"_links":{"self":[{"href":"https:\/\/mspontocom.com.br\/site\/wp-json\/wp\/v2\/posts\/178107"}],"collection":[{"href":"https:\/\/mspontocom.com.br\/site\/wp-json\/wp\/v2\/posts"}],"about":[{"href":"https:\/\/mspontocom.com.br\/site\/wp-json\/wp\/v2\/types\/post"}],"author":[{"embeddable":true,"href":"https:\/\/mspontocom.com.br\/site\/wp-json\/wp\/v2\/users\/2"}],"replies":[{"embeddable":true,"href":"https:\/\/mspontocom.com.br\/site\/wp-json\/wp\/v2\/comments?post=178107"}],"version-history":[{"count":2,"href":"https:\/\/mspontocom.com.br\/site\/wp-json\/wp\/v2\/posts\/178107\/revisions"}],"predecessor-version":[{"id":178120,"href":"https:\/\/mspontocom.com.br\/site\/wp-json\/wp\/v2\/posts\/178107\/revisions\/178120"}],"wp:featuredmedia":[{"embeddable":true,"href":"https:\/\/mspontocom.com.br\/site\/wp-json\/wp\/v2\/media\/178119"}],"wp:attachment":[{"href":"https:\/\/mspontocom.com.br\/site\/wp-json\/wp\/v2\/media?parent=178107"}],"wp:term":[{"taxonomy":"category","embeddable":true,"href":"https:\/\/mspontocom.com.br\/site\/wp-json\/wp\/v2\/categories?post=178107"},{"taxonomy":"post_tag","embeddable":true,"href":"https:\/\/mspontocom.com.br\/site\/wp-json\/wp\/v2\/tags?post=178107"}],"curies":[{"name":"wp","href":"https:\/\/api.w.org\/{rel}","templated":true}]}}