{"id":178150,"date":"2023-01-30T06:31:29","date_gmt":"2023-01-30T10:31:29","guid":{"rendered":"https:\/\/mspontocom.com.br\/site\/?p=178150"},"modified":"2023-01-30T06:34:24","modified_gmt":"2023-01-30T10:34:24","slug":"campanha-contra-pacheco-presidente-no-senado-participe","status":"publish","type":"post","link":"https:\/\/mspontocom.com.br\/site\/campanha-contra-pacheco-presidente-no-senado-participe\/","title":{"rendered":"Campanha contra Pacheco presidente no Senado. Participe!"},"content":{"rendered":"<p style=\"text-align: justify;\"><img loading=\"lazy\" class=\"alignnone size-medium wp-image-178424\" src=\"https:\/\/mspontocom.com.br\/site\/wp-content\/uploads\/2023\/01\/site-campanha-contra-pacheco-presidente-no-senado-participe-pacheco1-e1675074808813-260x142.jpg\" alt=\"\" width=\"260\" height=\"142\" srcset=\"https:\/\/mspontocom.com.br\/site\/wp-content\/uploads\/2023\/01\/site-campanha-contra-pacheco-presidente-no-senado-participe-pacheco1-e1675074808813-260x142.jpg 260w, https:\/\/mspontocom.com.br\/site\/wp-content\/uploads\/2023\/01\/site-campanha-contra-pacheco-presidente-no-senado-participe-pacheco1-e1675074808813-768x420.jpg 768w, https:\/\/mspontocom.com.br\/site\/wp-content\/uploads\/2023\/01\/site-campanha-contra-pacheco-presidente-no-senado-participe-pacheco1-e1675074808813.jpg 940w\" sizes=\"(max-width: 260px) 100vw, 260px\" \/><\/p>\n<p style=\"text-align: justify;\">A bancada pr\u00f3- Bolsonaro na C\u00e2mara e Senado<strong>\u00a0iniciou uma ofensiva para pressionar parlamentares<\/strong> que declararam voto em Rodrigo Pacheco (PSD-MG) a apoiar a candidatura de Rog\u00e9rio Marinho para a Presid\u00eancia do Senado.<\/p>\n<p style=\"text-align: justify;\">As redes socias divulgaram um site com informa\u00e7\u00f5es (inclusive com e-mails) dos senadores que manifestaram apoio a Pacheco ou est\u00e3o indecisos.<\/p>\n<p style=\"text-align: justify;\">Tamb\u00e9m iniciaram uma campanha nas redes sociais chamada #PachecoN\u00e3o. <em>\u201cDevido a repercuss\u00e3o da campanha #PachecoN\u00c3O\u00a0<\/em><\/p>\n<p>Acesse a campanha em:<\/p>\n<p><a href=\"http:\/\/www.comovotasenador.com.br\">www.comovotasenador.com.br<\/a><\/p>\n<p>&nbsp;<\/p>\n<p>&nbsp;<\/p>\n","protected":false},"excerpt":{"rendered":"<p>A bancada pr\u00f3- Bolsonaro na C\u00e2mara e Senado\u00a0iniciou uma ofensiva para pressionar parlamentares que declararam voto em Rodrigo Pacheco (PSD-MG) a apoiar a candidatura de Rog\u00e9rio Marinho para a Presid\u00eancia do Senado. As redes socias divulgaram um site com informa\u00e7\u00f5es (inclusive com e-mails) dos senadores que manifestaram apoio a Pacheco ou est\u00e3o indecisos. Tamb\u00e9m iniciaram [&hellip;]<\/p>\n","protected":false},"author":2,"featured_media":178424,"comment_status":"open","ping_status":"open","sticky":false,"template":"","format":"standard","meta":{"_monsterinsights_skip_tracking":false,"_monsterinsights_sitenote_active":false,"_monsterinsights_sitenote_note":"","_monsterinsights_sitenote_category":0},"categories":[30260,30259,12],"tags":[39053,914],"aioseo_notices":[],"_links":{"self":[{"href":"https:\/\/mspontocom.com.br\/site\/wp-json\/wp\/v2\/posts\/178150"}],"collection":[{"href":"https:\/\/mspontocom.com.br\/site\/wp-json\/wp\/v2\/posts"}],"about":[{"href":"https:\/\/mspontocom.com.br\/site\/wp-json\/wp\/v2\/types\/post"}],"author":[{"embeddable":true,"href":"https:\/\/mspontocom.com.br\/site\/wp-json\/wp\/v2\/users\/2"}],"replies":[{"embeddable":true,"href":"https:\/\/mspontocom.com.br\/site\/wp-json\/wp\/v2\/comments?post=178150"}],"version-history":[{"count":5,"href":"https:\/\/mspontocom.com.br\/site\/wp-json\/wp\/v2\/posts\/178150\/revisions"}],"predecessor-version":[{"id":178425,"href":"https:\/\/mspontocom.com.br\/site\/wp-json\/wp\/v2\/posts\/178150\/revisions\/178425"}],"wp:featuredmedia":[{"embeddable":true,"href":"https:\/\/mspontocom.com.br\/site\/wp-json\/wp\/v2\/media\/178424"}],"wp:attachment":[{"href":"https:\/\/mspontocom.com.br\/site\/wp-json\/wp\/v2\/media?parent=178150"}],"wp:term":[{"taxonomy":"category","embeddable":true,"href":"https:\/\/mspontocom.com.br\/site\/wp-json\/wp\/v2\/categories?post=178150"},{"taxonomy":"post_tag","embeddable":true,"href":"https:\/\/mspontocom.com.br\/site\/wp-json\/wp\/v2\/tags?post=178150"}],"curies":[{"name":"wp","href":"https:\/\/api.w.org\/{rel}","templated":true}]}}