{"id":178157,"date":"2023-01-19T07:45:14","date_gmt":"2023-01-19T11:45:14","guid":{"rendered":"https:\/\/mspontocom.com.br\/site\/?p=178157"},"modified":"2023-01-19T07:45:14","modified_gmt":"2023-01-19T11:45:14","slug":"tremei-lula-nao-considera-bolsonaro-carta-fora-do-baralho-para-2026","status":"publish","type":"post","link":"https:\/\/mspontocom.com.br\/site\/tremei-lula-nao-considera-bolsonaro-carta-fora-do-baralho-para-2026\/","title":{"rendered":"Tremei: Lula n\u00e3o considera Bolsonaro &#8216;carta fora do baralho&#8217; para 2026"},"content":{"rendered":"<p style=\"text-align: justify;\"><img loading=\"lazy\" class=\"alignnone size-medium wp-image-178158\" src=\"https:\/\/mspontocom.com.br\/site\/wp-content\/uploads\/2023\/01\/site-tremei-lula-nao-considera-bolsonaro-carta-fora-do-baralho-para-2026-bolsolula1-260x146.jpg\" alt=\"\" width=\"260\" height=\"146\" srcset=\"https:\/\/mspontocom.com.br\/site\/wp-content\/uploads\/2023\/01\/site-tremei-lula-nao-considera-bolsonaro-carta-fora-do-baralho-para-2026-bolsolula1-260x146.jpg 260w, https:\/\/mspontocom.com.br\/site\/wp-content\/uploads\/2023\/01\/site-tremei-lula-nao-considera-bolsonaro-carta-fora-do-baralho-para-2026-bolsolula1-768x431.jpg 768w, https:\/\/mspontocom.com.br\/site\/wp-content\/uploads\/2023\/01\/site-tremei-lula-nao-considera-bolsonaro-carta-fora-do-baralho-para-2026-bolsolula1.jpg 818w\" sizes=\"(max-width: 260px) 100vw, 260px\" \/><\/p>\n<p style=\"text-align: justify;\">Em entrevista \u00e0 Globo News\u00a0 o presidente Lula disse que ainda n\u00e3o considera o ex-presidente Jair Bolsonaro uma <em>\u201ccarta fora do baralho\u201d<\/em>\u00a0para as elei\u00e7\u00f5es de 2026.<\/p>\n<p style=\"text-align: justify;\">Lula disse esperar severidade nos julgamentos sobre aos atos em Bras\u00edlia no dia 8 de janeiro, mas que decis\u00e3o cabe \u00e0 Justi\u00e7a.<\/p>\n<p style=\"text-align: justify;\">\u00a0<strong><em>\u201cQuero que todas as pessoas sejam investigadas, se o Bolsonaro tiver participa\u00e7\u00e3o direta no que aconteceu ele tem que ser punido, e se ele for punido ele \u00e9 ineleg\u00edvel\u201d<\/em><\/strong>, afirmou.<\/p>\n","protected":false},"excerpt":{"rendered":"<p>Em entrevista \u00e0 Globo News\u00a0 o presidente Lula disse que ainda n\u00e3o considera o ex-presidente Jair Bolsonaro uma \u201ccarta fora do baralho\u201d\u00a0para as elei\u00e7\u00f5es de 2026. Lula disse esperar severidade nos julgamentos sobre aos atos em Bras\u00edlia no dia 8 de janeiro, mas que decis\u00e3o cabe \u00e0 Justi\u00e7a. \u00a0\u201cQuero que todas as pessoas sejam investigadas, [&hellip;]<\/p>\n","protected":false},"author":2,"featured_media":178158,"comment_status":"open","ping_status":"open","sticky":false,"template":"","format":"standard","meta":{"_monsterinsights_skip_tracking":false,"_monsterinsights_sitenote_active":false,"_monsterinsights_sitenote_note":"","_monsterinsights_sitenote_category":0},"categories":[12],"tags":[34531,21017,39052,480],"aioseo_notices":[],"_links":{"self":[{"href":"https:\/\/mspontocom.com.br\/site\/wp-json\/wp\/v2\/posts\/178157"}],"collection":[{"href":"https:\/\/mspontocom.com.br\/site\/wp-json\/wp\/v2\/posts"}],"about":[{"href":"https:\/\/mspontocom.com.br\/site\/wp-json\/wp\/v2\/types\/post"}],"author":[{"embeddable":true,"href":"https:\/\/mspontocom.com.br\/site\/wp-json\/wp\/v2\/users\/2"}],"replies":[{"embeddable":true,"href":"https:\/\/mspontocom.com.br\/site\/wp-json\/wp\/v2\/comments?post=178157"}],"version-history":[{"count":1,"href":"https:\/\/mspontocom.com.br\/site\/wp-json\/wp\/v2\/posts\/178157\/revisions"}],"predecessor-version":[{"id":178159,"href":"https:\/\/mspontocom.com.br\/site\/wp-json\/wp\/v2\/posts\/178157\/revisions\/178159"}],"wp:featuredmedia":[{"embeddable":true,"href":"https:\/\/mspontocom.com.br\/site\/wp-json\/wp\/v2\/media\/178158"}],"wp:attachment":[{"href":"https:\/\/mspontocom.com.br\/site\/wp-json\/wp\/v2\/media?parent=178157"}],"wp:term":[{"taxonomy":"category","embeddable":true,"href":"https:\/\/mspontocom.com.br\/site\/wp-json\/wp\/v2\/categories?post=178157"},{"taxonomy":"post_tag","embeddable":true,"href":"https:\/\/mspontocom.com.br\/site\/wp-json\/wp\/v2\/tags?post=178157"}],"curies":[{"name":"wp","href":"https:\/\/api.w.org\/{rel}","templated":true}]}}