{"id":178210,"date":"2023-01-21T06:26:47","date_gmt":"2023-01-21T10:26:47","guid":{"rendered":"https:\/\/mspontocom.com.br\/site\/?p=178210"},"modified":"2023-01-21T06:26:47","modified_gmt":"2023-01-21T10:26:47","slug":"vitoria-de-lula-foi-apertada-e-nao-autoriza-euforia-do-pt-diz-jobim","status":"publish","type":"post","link":"https:\/\/mspontocom.com.br\/site\/vitoria-de-lula-foi-apertada-e-nao-autoriza-euforia-do-pt-diz-jobim\/","title":{"rendered":"Vit\u00f3ria de Lula foi apertada e n\u00e3o autoriza \u201ceuforia\u201d do PT, diz Jobim"},"content":{"rendered":"<p><img loading=\"lazy\" class=\"alignnone size-medium wp-image-178218\" src=\"https:\/\/mspontocom.com.br\/site\/wp-content\/uploads\/2023\/01\/site-vitoria-de-lula-foi-apertada-e-nao-autoriza-euforia-do-pt-diz-jobim-jobim-260x167.jpg\" alt=\"\" width=\"260\" height=\"167\" srcset=\"https:\/\/mspontocom.com.br\/site\/wp-content\/uploads\/2023\/01\/site-vitoria-de-lula-foi-apertada-e-nao-autoriza-euforia-do-pt-diz-jobim-jobim-260x167.jpg 260w, https:\/\/mspontocom.com.br\/site\/wp-content\/uploads\/2023\/01\/site-vitoria-de-lula-foi-apertada-e-nao-autoriza-euforia-do-pt-diz-jobim-jobim-768x494.jpg 768w, https:\/\/mspontocom.com.br\/site\/wp-content\/uploads\/2023\/01\/site-vitoria-de-lula-foi-apertada-e-nao-autoriza-euforia-do-pt-diz-jobim-jobim.jpg 900w\" sizes=\"(max-width: 260px) 100vw, 260px\" \/><\/p>\n<p style=\"text-align: justify;\">O ex-ministro <strong>Nelson Jobim<\/strong> (foto) falou nesta 6\u00aa feira\u00a0 que uma poss\u00edvel \u201cretalia\u00e7\u00e3o generalizada\u201d pode fortalecer o ex-presidente<strong> Jair Bolsonaro<\/strong>\u00a0 e lembrou que a<strong> vit\u00f3ria de Lula foi apertada e n\u00e3o autoriza \u201ceuforia\u201d do PT. <\/strong><\/p>\n<p style=\"text-align: justify;\">\u201cO resultado apertado das urnas n\u00e3o autoriza essa euforia petista, que pode ter consequ\u00eancias perigosas. A hora \u00e9 de saber agir com toler\u00e2ncia e equil\u00edbrio. Se o governo empreender uma retalia\u00e7\u00e3o generalizada, Bolsonaro e os grupos que o apoiam podem se fortalecer a m\u00e9dio prazo\u201d, falou Jobim.<\/p>\n<p style=\"text-align: justify;\">O ex-ministro ainda falou sobre ind\u00edcios, desde a diploma\u00e7\u00e3o, de que poderia haver uma manifesta\u00e7\u00e3o de pessoas contra a vit\u00f3ria de Lula. Tamb\u00e9m ponderou que n\u00e3o se deve afirmar que todos que participaram do 8 de Janeiro tinham inten\u00e7\u00e3o de depredar.<\/p>\n","protected":false},"excerpt":{"rendered":"<p>O ex-ministro Nelson Jobim (foto) falou nesta 6\u00aa feira\u00a0 que uma poss\u00edvel \u201cretalia\u00e7\u00e3o generalizada\u201d pode fortalecer o ex-presidente Jair Bolsonaro\u00a0 e lembrou que a vit\u00f3ria de Lula foi apertada e n\u00e3o autoriza \u201ceuforia\u201d do PT. \u201cO resultado apertado das urnas n\u00e3o autoriza essa euforia petista, que pode ter consequ\u00eancias perigosas. A hora \u00e9 de saber [&hellip;]<\/p>\n","protected":false},"author":2,"featured_media":178218,"comment_status":"open","ping_status":"open","sticky":false,"template":"","format":"standard","meta":{"_monsterinsights_skip_tracking":false,"_monsterinsights_sitenote_active":false,"_monsterinsights_sitenote_note":"","_monsterinsights_sitenote_category":0},"categories":[30260,30259,12],"tags":[39066,14951,533,39065],"aioseo_notices":[],"_links":{"self":[{"href":"https:\/\/mspontocom.com.br\/site\/wp-json\/wp\/v2\/posts\/178210"}],"collection":[{"href":"https:\/\/mspontocom.com.br\/site\/wp-json\/wp\/v2\/posts"}],"about":[{"href":"https:\/\/mspontocom.com.br\/site\/wp-json\/wp\/v2\/types\/post"}],"author":[{"embeddable":true,"href":"https:\/\/mspontocom.com.br\/site\/wp-json\/wp\/v2\/users\/2"}],"replies":[{"embeddable":true,"href":"https:\/\/mspontocom.com.br\/site\/wp-json\/wp\/v2\/comments?post=178210"}],"version-history":[{"count":2,"href":"https:\/\/mspontocom.com.br\/site\/wp-json\/wp\/v2\/posts\/178210\/revisions"}],"predecessor-version":[{"id":178219,"href":"https:\/\/mspontocom.com.br\/site\/wp-json\/wp\/v2\/posts\/178210\/revisions\/178219"}],"wp:featuredmedia":[{"embeddable":true,"href":"https:\/\/mspontocom.com.br\/site\/wp-json\/wp\/v2\/media\/178218"}],"wp:attachment":[{"href":"https:\/\/mspontocom.com.br\/site\/wp-json\/wp\/v2\/media?parent=178210"}],"wp:term":[{"taxonomy":"category","embeddable":true,"href":"https:\/\/mspontocom.com.br\/site\/wp-json\/wp\/v2\/categories?post=178210"},{"taxonomy":"post_tag","embeddable":true,"href":"https:\/\/mspontocom.com.br\/site\/wp-json\/wp\/v2\/tags?post=178210"}],"curies":[{"name":"wp","href":"https:\/\/api.w.org\/{rel}","templated":true}]}}