{"id":178240,"date":"2023-01-23T13:53:53","date_gmt":"2023-01-23T17:53:53","guid":{"rendered":"https:\/\/mspontocom.com.br\/site\/?p=178240"},"modified":"2023-01-23T13:48:56","modified_gmt":"2023-01-23T17:48:56","slug":"new-york-times-diz-que-decisoes-de-moraes-ameacam-a-democracia","status":"publish","type":"post","link":"https:\/\/mspontocom.com.br\/site\/new-york-times-diz-que-decisoes-de-moraes-ameacam-a-democracia\/","title":{"rendered":"\u2018New York Times\u2019 diz que decis\u00f5es de Moraes amea\u00e7am a democracia"},"content":{"rendered":"<p style=\"text-align: justify;\"><img loading=\"lazy\" class=\"alignnone size-medium wp-image-178258\" src=\"https:\/\/mspontocom.com.br\/site\/wp-content\/uploads\/2023\/01\/site-new-york-times-questiona-se-decisoes-de-moraes-ameacam-a-democracia-new-york-times.jpeg-260x173.webp\" alt=\"\" width=\"260\" height=\"173\" srcset=\"https:\/\/mspontocom.com.br\/site\/wp-content\/uploads\/2023\/01\/site-new-york-times-questiona-se-decisoes-de-moraes-ameacam-a-democracia-new-york-times.jpeg-260x173.webp 260w, https:\/\/mspontocom.com.br\/site\/wp-content\/uploads\/2023\/01\/site-new-york-times-questiona-se-decisoes-de-moraes-ameacam-a-democracia-new-york-times.jpeg.webp 630w\" sizes=\"(max-width: 260px) 100vw, 260px\" \/><\/p>\n<p style=\"text-align: justify;\">O jornal norte-americano\u00a0<strong><em>The New York Times<\/em>,<\/strong> considerado o mais importante do mundo, publicou artigo questionando as decis\u00f5es do ministro do Supremo Tribunal Federal, <strong>Alexandre de Moraes.<\/strong><\/p>\n<p style=\"text-align: justify;\">No texto, o jornal chega a perguntar se o ministro \u201c\u00e9 realmente bom para a democracia\u201d e conclui que sua crescente autoridade \u00e9 motivo de amea\u00e7a ao regime democr\u00e1tico.<\/p>\n<p style=\"text-align: justify;\">O texto destaca as decis\u00f5es de Moraes e o fato do ministro estar \u00e0 frente das investiga\u00e7\u00f5es e julgamento do processo que o STF tamb\u00e9m \u00e9 v\u00edtima.<\/p>\n<p style=\"text-align: justify;\">O\u00a0<em>NYT<\/em>\u00a0n\u00e3o questiona o sil\u00eancio dos demais ministros do STF sobre o assunto.<\/p>\n<p style=\"text-align: justify;\">O texto pode ser<a href=\"https:\/\/www.nytimes.com\/2023\/01\/22\/world\/americas\/brazil-alexandre-de-moraes.html\" target=\"_blank\" rel=\"noopener\">\u00a0lido aqui<\/a>.<\/p>\n","protected":false},"excerpt":{"rendered":"<p>O jornal norte-americano\u00a0The New York Times, considerado o mais importante do mundo, publicou artigo questionando as decis\u00f5es do ministro do Supremo Tribunal Federal, Alexandre de Moraes. No texto, o jornal chega a perguntar se o ministro \u201c\u00e9 realmente bom para a democracia\u201d e conclui que sua crescente autoridade \u00e9 motivo de amea\u00e7a ao regime democr\u00e1tico. [&hellip;]<\/p>\n","protected":false},"author":2,"featured_media":178258,"comment_status":"open","ping_status":"open","sticky":false,"template":"","format":"standard","meta":{"_monsterinsights_skip_tracking":false,"_monsterinsights_sitenote_active":false,"_monsterinsights_sitenote_note":"","_monsterinsights_sitenote_category":0},"categories":[30260,2528,30259],"tags":[26336,39075,3591],"aioseo_notices":[],"_links":{"self":[{"href":"https:\/\/mspontocom.com.br\/site\/wp-json\/wp\/v2\/posts\/178240"}],"collection":[{"href":"https:\/\/mspontocom.com.br\/site\/wp-json\/wp\/v2\/posts"}],"about":[{"href":"https:\/\/mspontocom.com.br\/site\/wp-json\/wp\/v2\/types\/post"}],"author":[{"embeddable":true,"href":"https:\/\/mspontocom.com.br\/site\/wp-json\/wp\/v2\/users\/2"}],"replies":[{"embeddable":true,"href":"https:\/\/mspontocom.com.br\/site\/wp-json\/wp\/v2\/comments?post=178240"}],"version-history":[{"count":2,"href":"https:\/\/mspontocom.com.br\/site\/wp-json\/wp\/v2\/posts\/178240\/revisions"}],"predecessor-version":[{"id":178259,"href":"https:\/\/mspontocom.com.br\/site\/wp-json\/wp\/v2\/posts\/178240\/revisions\/178259"}],"wp:featuredmedia":[{"embeddable":true,"href":"https:\/\/mspontocom.com.br\/site\/wp-json\/wp\/v2\/media\/178258"}],"wp:attachment":[{"href":"https:\/\/mspontocom.com.br\/site\/wp-json\/wp\/v2\/media?parent=178240"}],"wp:term":[{"taxonomy":"category","embeddable":true,"href":"https:\/\/mspontocom.com.br\/site\/wp-json\/wp\/v2\/categories?post=178240"},{"taxonomy":"post_tag","embeddable":true,"href":"https:\/\/mspontocom.com.br\/site\/wp-json\/wp\/v2\/tags?post=178240"}],"curies":[{"name":"wp","href":"https:\/\/api.w.org\/{rel}","templated":true}]}}