{"id":178298,"date":"2023-01-25T06:45:00","date_gmt":"2023-01-25T10:45:00","guid":{"rendered":"https:\/\/mspontocom.com.br\/site\/?p=178298"},"modified":"2023-01-25T06:45:00","modified_gmt":"2023-01-25T10:45:00","slug":"aumenta-assedio-contra-rodrigo-pacheco-participe-da-campanha","status":"publish","type":"post","link":"https:\/\/mspontocom.com.br\/site\/aumenta-assedio-contra-rodrigo-pacheco-participe-da-campanha\/","title":{"rendered":"Aumenta ass\u00e9dio contra Rodrigo Pacheco. Participe da campanha"},"content":{"rendered":"<p style=\"text-align: justify;\"><img loading=\"lazy\" class=\"alignnone size-medium wp-image-178307\" src=\"https:\/\/mspontocom.com.br\/site\/wp-content\/uploads\/2023\/01\/site-aumenta-assedio-contra-rodrigo-pacheco-participe-da-campanha-pacheco-pt-260x173.webp\" alt=\"\" width=\"260\" height=\"173\" srcset=\"https:\/\/mspontocom.com.br\/site\/wp-content\/uploads\/2023\/01\/site-aumenta-assedio-contra-rodrigo-pacheco-participe-da-campanha-pacheco-pt-260x173.webp 260w, https:\/\/mspontocom.com.br\/site\/wp-content\/uploads\/2023\/01\/site-aumenta-assedio-contra-rodrigo-pacheco-participe-da-campanha-pacheco-pt-1024x683.webp 1024w, https:\/\/mspontocom.com.br\/site\/wp-content\/uploads\/2023\/01\/site-aumenta-assedio-contra-rodrigo-pacheco-participe-da-campanha-pacheco-pt-768x512.webp 768w, https:\/\/mspontocom.com.br\/site\/wp-content\/uploads\/2023\/01\/site-aumenta-assedio-contra-rodrigo-pacheco-participe-da-campanha-pacheco-pt.webp 1280w\" sizes=\"(max-width: 260px) 100vw, 260px\" \/><\/p>\n<p style=\"text-align: justify;\">Ao longo dos \u00faltimos cinco dias,aumentou o ass\u00e9dio de bolsonaristas a parlamentares que s\u00e3o considerados indecisos ou aos que apoiam\u00a0a candidatura de Rodrigo Pacheco (PSD-MG) na disputa pela Presid\u00eancia do Senado.<\/p>\n<p style=\"text-align: justify;\">Algumas mensagens enviadas por e-mail ou por WhatsApp nos celulares funcionais tem tom de cobran\u00e7a.<\/p>\n<p style=\"text-align: justify;\">Em outras mensagens, os parlamentares que apoiam Pacheco s\u00e3o chamados de\u00a0<em>\u201ctraidores da P\u00e1tria\u201d<\/em>\u00a0e\u00a0<em>\u201cmaus elementos\u201d<\/em>\u00a0e os bolsonaristas deixam claro que entendem a elei\u00e7\u00e3o para a Presid\u00eancia do Senado como um\u00a0<em>\u201cterceiro turno\u201d<\/em> eleitoral.<\/p>\n<p><strong>Acesse a campanha em:<\/strong><\/p>\n<p><a href=\"http:\/\/www.comovotasenador.com.br\/\">www.comovotasenador.com.br<\/a><\/p>\n<p>&nbsp;<\/p>\n<p>foto: Blog Esmael Morais<\/p>\n","protected":false},"excerpt":{"rendered":"<p>Ao longo dos \u00faltimos cinco dias,aumentou o ass\u00e9dio de bolsonaristas a parlamentares que s\u00e3o considerados indecisos ou aos que apoiam\u00a0a candidatura de Rodrigo Pacheco (PSD-MG) na disputa pela Presid\u00eancia do Senado. Algumas mensagens enviadas por e-mail ou por WhatsApp nos celulares funcionais tem tom de cobran\u00e7a. Em outras mensagens, os parlamentares que apoiam Pacheco s\u00e3o [&hellip;]<\/p>\n","protected":false},"author":2,"featured_media":178307,"comment_status":"open","ping_status":"open","sticky":false,"template":"","format":"standard","meta":{"_monsterinsights_skip_tracking":false,"_monsterinsights_sitenote_active":false,"_monsterinsights_sitenote_note":"","_monsterinsights_sitenote_category":0},"categories":[30260,30259,12],"tags":[1096,39085],"aioseo_notices":[],"_links":{"self":[{"href":"https:\/\/mspontocom.com.br\/site\/wp-json\/wp\/v2\/posts\/178298"}],"collection":[{"href":"https:\/\/mspontocom.com.br\/site\/wp-json\/wp\/v2\/posts"}],"about":[{"href":"https:\/\/mspontocom.com.br\/site\/wp-json\/wp\/v2\/types\/post"}],"author":[{"embeddable":true,"href":"https:\/\/mspontocom.com.br\/site\/wp-json\/wp\/v2\/users\/2"}],"replies":[{"embeddable":true,"href":"https:\/\/mspontocom.com.br\/site\/wp-json\/wp\/v2\/comments?post=178298"}],"version-history":[{"count":2,"href":"https:\/\/mspontocom.com.br\/site\/wp-json\/wp\/v2\/posts\/178298\/revisions"}],"predecessor-version":[{"id":178308,"href":"https:\/\/mspontocom.com.br\/site\/wp-json\/wp\/v2\/posts\/178298\/revisions\/178308"}],"wp:featuredmedia":[{"embeddable":true,"href":"https:\/\/mspontocom.com.br\/site\/wp-json\/wp\/v2\/media\/178307"}],"wp:attachment":[{"href":"https:\/\/mspontocom.com.br\/site\/wp-json\/wp\/v2\/media?parent=178298"}],"wp:term":[{"taxonomy":"category","embeddable":true,"href":"https:\/\/mspontocom.com.br\/site\/wp-json\/wp\/v2\/categories?post=178298"},{"taxonomy":"post_tag","embeddable":true,"href":"https:\/\/mspontocom.com.br\/site\/wp-json\/wp\/v2\/tags?post=178298"}],"curies":[{"name":"wp","href":"https:\/\/api.w.org\/{rel}","templated":true}]}}