{"id":178412,"date":"2023-01-30T07:52:04","date_gmt":"2023-01-30T11:52:04","guid":{"rendered":"https:\/\/mspontocom.com.br\/site\/?p=178412"},"modified":"2023-01-30T07:52:04","modified_gmt":"2023-01-30T11:52:04","slug":"flavio-dino-e-xingado-de-ladrao-e-registra-ocorrencia","status":"publish","type":"post","link":"https:\/\/mspontocom.com.br\/site\/flavio-dino-e-xingado-de-ladrao-e-registra-ocorrencia\/","title":{"rendered":"Fl\u00e1vio Dino \u00e9 xingado de ladr\u00e3o e registra ocorr\u00eancia"},"content":{"rendered":"<p><img loading=\"lazy\" class=\"alignnone size-medium wp-image-178426\" src=\"https:\/\/mspontocom.com.br\/site\/wp-content\/uploads\/2023\/01\/site-flavio-dino-e-xingado-de-ladrao-e-registra-ocorrencia-flavio-dino-1024x613-1-260x156.jpg\" alt=\"\" width=\"260\" height=\"156\" srcset=\"https:\/\/mspontocom.com.br\/site\/wp-content\/uploads\/2023\/01\/site-flavio-dino-e-xingado-de-ladrao-e-registra-ocorrencia-flavio-dino-1024x613-1-260x156.jpg 260w, https:\/\/mspontocom.com.br\/site\/wp-content\/uploads\/2023\/01\/site-flavio-dino-e-xingado-de-ladrao-e-registra-ocorrencia-flavio-dino-1024x613-1-768x460.jpg 768w, https:\/\/mspontocom.com.br\/site\/wp-content\/uploads\/2023\/01\/site-flavio-dino-e-xingado-de-ladrao-e-registra-ocorrencia-flavio-dino-1024x613-1.jpg 1024w\" sizes=\"(max-width: 260px) 100vw, 260px\" \/><\/p>\n<p>Fl\u00e1vio Dino (foto) foi xingado de <strong>\u201cladr\u00e3o\u201d<\/strong> por um dos moradores de um pr\u00e9dio residencial de Bras\u00edlia visitado pelo ministro da Justi\u00e7a neste domingo (29), relata o site Metr\u00f3poles.<\/p>\n<p>O morador , segundo o site \u2014 tamb\u00e9m ofendeu os seguran\u00e7as que acompanhavam o ministro, chamados de\u00a0<em>\u201ccachorros do Dino\u201d<\/em>.<\/p>\n<p>Uma ocorr\u00eancia foi registrada na 3\u00aa DP da capital federal, e a pol\u00edcia pretende ouvir o morador nesta segunda (30).<\/p>\n<p>Ele dever\u00e1 responder por desacato.<\/p>\n","protected":false},"excerpt":{"rendered":"<p>Fl\u00e1vio Dino (foto) foi xingado de \u201cladr\u00e3o\u201d por um dos moradores de um pr\u00e9dio residencial de Bras\u00edlia visitado pelo ministro da Justi\u00e7a neste domingo (29), relata o site Metr\u00f3poles. O morador , segundo o site \u2014 tamb\u00e9m ofendeu os seguran\u00e7as que acompanhavam o ministro, chamados de\u00a0\u201ccachorros do Dino\u201d. Uma ocorr\u00eancia foi registrada na 3\u00aa DP [&hellip;]<\/p>\n","protected":false},"author":2,"featured_media":178426,"comment_status":"open","ping_status":"open","sticky":false,"template":"","format":"standard","meta":{"_monsterinsights_skip_tracking":false,"_monsterinsights_sitenote_active":false,"_monsterinsights_sitenote_note":"","_monsterinsights_sitenote_category":0},"categories":[2528],"tags":[33940,7800],"aioseo_notices":[],"_links":{"self":[{"href":"https:\/\/mspontocom.com.br\/site\/wp-json\/wp\/v2\/posts\/178412"}],"collection":[{"href":"https:\/\/mspontocom.com.br\/site\/wp-json\/wp\/v2\/posts"}],"about":[{"href":"https:\/\/mspontocom.com.br\/site\/wp-json\/wp\/v2\/types\/post"}],"author":[{"embeddable":true,"href":"https:\/\/mspontocom.com.br\/site\/wp-json\/wp\/v2\/users\/2"}],"replies":[{"embeddable":true,"href":"https:\/\/mspontocom.com.br\/site\/wp-json\/wp\/v2\/comments?post=178412"}],"version-history":[{"count":2,"href":"https:\/\/mspontocom.com.br\/site\/wp-json\/wp\/v2\/posts\/178412\/revisions"}],"predecessor-version":[{"id":178427,"href":"https:\/\/mspontocom.com.br\/site\/wp-json\/wp\/v2\/posts\/178412\/revisions\/178427"}],"wp:featuredmedia":[{"embeddable":true,"href":"https:\/\/mspontocom.com.br\/site\/wp-json\/wp\/v2\/media\/178426"}],"wp:attachment":[{"href":"https:\/\/mspontocom.com.br\/site\/wp-json\/wp\/v2\/media?parent=178412"}],"wp:term":[{"taxonomy":"category","embeddable":true,"href":"https:\/\/mspontocom.com.br\/site\/wp-json\/wp\/v2\/categories?post=178412"},{"taxonomy":"post_tag","embeddable":true,"href":"https:\/\/mspontocom.com.br\/site\/wp-json\/wp\/v2\/tags?post=178412"}],"curies":[{"name":"wp","href":"https:\/\/api.w.org\/{rel}","templated":true}]}}