{"id":178620,"date":"2023-02-06T06:48:47","date_gmt":"2023-02-06T10:48:47","guid":{"rendered":"https:\/\/mspontocom.com.br\/site\/?p=178620"},"modified":"2023-02-06T06:48:47","modified_gmt":"2023-02-06T10:48:47","slug":"12-ministros-de-lula-enfrentam-processos-na-justica","status":"publish","type":"post","link":"https:\/\/mspontocom.com.br\/site\/12-ministros-de-lula-enfrentam-processos-na-justica\/","title":{"rendered":"12 ministros de Lula enfrentam processos na Justi\u00e7a"},"content":{"rendered":"<p style=\"text-align: justify;\"><img loading=\"lazy\" class=\"alignnone size-medium wp-image-178638\" src=\"https:\/\/mspontocom.com.br\/site\/wp-content\/uploads\/2023\/02\/site-12-ministros-de-lula-enfrentam-processos-na-justica-desma-260x176.jpg\" alt=\"\" width=\"260\" height=\"176\" srcset=\"https:\/\/mspontocom.com.br\/site\/wp-content\/uploads\/2023\/02\/site-12-ministros-de-lula-enfrentam-processos-na-justica-desma-260x176.jpg 260w, https:\/\/mspontocom.com.br\/site\/wp-content\/uploads\/2023\/02\/site-12-ministros-de-lula-enfrentam-processos-na-justica-desma-768x518.jpg 768w, https:\/\/mspontocom.com.br\/site\/wp-content\/uploads\/2023\/02\/site-12-ministros-de-lula-enfrentam-processos-na-justica-desma.jpg 1000w\" sizes=\"(max-width: 260px) 100vw, 260px\" \/><\/p>\n<p style=\"text-align: justify;\">Dos 37 ministros de Estado nomeados pelo presidente Luiz In\u00e1cio Lula da Silva (PT), ao menos 12 enfrentam processos ativos na Justi\u00e7a.<\/p>\n<p style=\"text-align: justify;\">O Poder360 buscou a\u00e7\u00f5es judiciais de cada um dos ministros no STF , STJ (Superior Tribunal de Justi\u00e7a), tribunais regionais federais e tribunais de justi\u00e7a estaduais.<\/p>\n<p style=\"text-align: justify;\">Foram analisados documentos anexados a 435 a\u00e7\u00f5es relacionadas aos chefes das pastas.<\/p>\n<p style=\"text-align: justify;\">De senten\u00e7a de pris\u00e3o a cobran\u00e7as por d\u00edvidas e IPTU atrasado, s\u00e3o 22 processos ativos citando os ministros como r\u00e9us.<\/p>\n<p style=\"text-align: justify;\">H\u00e1 3 casos com condena\u00e7\u00f5es nos quais os chefes de minist\u00e9rios recorrem. H\u00e1 tamb\u00e9m 2 processos nos quais os ministros j\u00e1 tiveram senten\u00e7as favor\u00e1veis, mas que est\u00e3o em fase de recurso.<\/p>\n<p style=\"text-align: justify;\">fonte: TIAGO MALI GABRIELA MESTRE., Poder 360<\/p>\n<p>Veja os &#8220;enrolados&#8221;:<\/p>\n<p><img loading=\"lazy\" class=\"alignnone size-medium wp-image-178621\" src=\"https:\/\/mspontocom.com.br\/site\/wp-content\/uploads\/2023\/02\/site-processos-ministros-drive-1-fev-2023-135x280.png\" alt=\"\" width=\"135\" height=\"280\" srcset=\"https:\/\/mspontocom.com.br\/site\/wp-content\/uploads\/2023\/02\/site-processos-ministros-drive-1-fev-2023-135x280.png 135w, https:\/\/mspontocom.com.br\/site\/wp-content\/uploads\/2023\/02\/site-processos-ministros-drive-1-fev-2023-492x1024.png 492w, https:\/\/mspontocom.com.br\/site\/wp-content\/uploads\/2023\/02\/site-processos-ministros-drive-1-fev-2023-768x1598.png 768w, https:\/\/mspontocom.com.br\/site\/wp-content\/uploads\/2023\/02\/site-processos-ministros-drive-1-fev-2023-738x1536.png 738w, https:\/\/mspontocom.com.br\/site\/wp-content\/uploads\/2023\/02\/site-processos-ministros-drive-1-fev-2023-984x2048.png 984w\" sizes=\"(max-width: 135px) 100vw, 135px\" \/><\/p>\n","protected":false},"excerpt":{"rendered":"<p>Dos 37 ministros de Estado nomeados pelo presidente Luiz In\u00e1cio Lula da Silva (PT), ao menos 12 enfrentam processos ativos na Justi\u00e7a. O Poder360 buscou a\u00e7\u00f5es judiciais de cada um dos ministros no STF , STJ (Superior Tribunal de Justi\u00e7a), tribunais regionais federais e tribunais de justi\u00e7a estaduais. Foram analisados documentos anexados a 435 a\u00e7\u00f5es [&hellip;]<\/p>\n","protected":false},"author":2,"featured_media":178638,"comment_status":"open","ping_status":"open","sticky":false,"template":"","format":"standard","meta":{"_monsterinsights_skip_tracking":false,"_monsterinsights_sitenote_active":false,"_monsterinsights_sitenote_note":"","_monsterinsights_sitenote_category":0},"categories":[6,30260,2528,30259],"tags":[39135,480,587,1668],"aioseo_notices":[],"_links":{"self":[{"href":"https:\/\/mspontocom.com.br\/site\/wp-json\/wp\/v2\/posts\/178620"}],"collection":[{"href":"https:\/\/mspontocom.com.br\/site\/wp-json\/wp\/v2\/posts"}],"about":[{"href":"https:\/\/mspontocom.com.br\/site\/wp-json\/wp\/v2\/types\/post"}],"author":[{"embeddable":true,"href":"https:\/\/mspontocom.com.br\/site\/wp-json\/wp\/v2\/users\/2"}],"replies":[{"embeddable":true,"href":"https:\/\/mspontocom.com.br\/site\/wp-json\/wp\/v2\/comments?post=178620"}],"version-history":[{"count":3,"href":"https:\/\/mspontocom.com.br\/site\/wp-json\/wp\/v2\/posts\/178620\/revisions"}],"predecessor-version":[{"id":178639,"href":"https:\/\/mspontocom.com.br\/site\/wp-json\/wp\/v2\/posts\/178620\/revisions\/178639"}],"wp:featuredmedia":[{"embeddable":true,"href":"https:\/\/mspontocom.com.br\/site\/wp-json\/wp\/v2\/media\/178638"}],"wp:attachment":[{"href":"https:\/\/mspontocom.com.br\/site\/wp-json\/wp\/v2\/media?parent=178620"}],"wp:term":[{"taxonomy":"category","embeddable":true,"href":"https:\/\/mspontocom.com.br\/site\/wp-json\/wp\/v2\/categories?post=178620"},{"taxonomy":"post_tag","embeddable":true,"href":"https:\/\/mspontocom.com.br\/site\/wp-json\/wp\/v2\/tags?post=178620"}],"curies":[{"name":"wp","href":"https:\/\/api.w.org\/{rel}","templated":true}]}}