{"id":178761,"date":"2023-02-10T15:10:41","date_gmt":"2023-02-10T19:10:41","guid":{"rendered":"https:\/\/mspontocom.com.br\/site\/?p=178761"},"modified":"2023-02-10T15:05:51","modified_gmt":"2023-02-10T19:05:51","slug":"dallagnol-quer-rever-entendimento-que-livrou-lula-da-cadeia","status":"publish","type":"post","link":"https:\/\/mspontocom.com.br\/site\/dallagnol-quer-rever-entendimento-que-livrou-lula-da-cadeia\/","title":{"rendered":"Dallagnol quer rever entendimento que livrou Lula da cadeia"},"content":{"rendered":"<p style=\"text-align: justify;\"><img loading=\"lazy\" class=\"alignnone size-medium wp-image-178773\" src=\"https:\/\/mspontocom.com.br\/site\/wp-content\/uploads\/2023\/02\/site-dallagnol-quer-rever-entendimento-que-livrou-lula-da-cadeia-power-260x125.jpg\" alt=\"\" width=\"260\" height=\"125\" srcset=\"https:\/\/mspontocom.com.br\/site\/wp-content\/uploads\/2023\/02\/site-dallagnol-quer-rever-entendimento-que-livrou-lula-da-cadeia-power-260x125.jpg 260w, https:\/\/mspontocom.com.br\/site\/wp-content\/uploads\/2023\/02\/site-dallagnol-quer-rever-entendimento-que-livrou-lula-da-cadeia-power-1024x492.jpg 1024w, https:\/\/mspontocom.com.br\/site\/wp-content\/uploads\/2023\/02\/site-dallagnol-quer-rever-entendimento-que-livrou-lula-da-cadeia-power-768x369.jpg 768w, https:\/\/mspontocom.com.br\/site\/wp-content\/uploads\/2023\/02\/site-dallagnol-quer-rever-entendimento-que-livrou-lula-da-cadeia-power.jpg 1100w\" sizes=\"(max-width: 260px) 100vw, 260px\" \/><\/p>\n<p style=\"text-align: justify;\">O deputado federal <strong>Deltan Dallagnol<\/strong> protocolou um pedido para criar uma comiss\u00e3o especial para reabrir a discuss\u00e3o sobre a <strong>pris\u00e3o em segunda inst\u00e2ncia.<\/strong><\/p>\n<p style=\"text-align: justify;\">O Supremo Tribunal Federal, em 2019, derrubou o entendimento que autorizava a pris\u00e3o ap\u00f3s decis\u00e3o em segunda inst\u00e2ncia.<\/p>\n<p style=\"text-align: justify;\">Com isso, Lula, que estava preso e enrolado na Opera\u00e7\u00e3o Lava Jato, foi solto.<\/p>\n<p style=\"text-align: justify;\">Dallagnol pontua que a pris\u00e3o em segunda inst\u00e2ncia \u00e9 a regra na maioria das mais consolidadas democracias do mundo.<\/p>\n<p style=\"text-align: justify;\">\u201c<em>Tratados internacionais sobre direitos humanos prescrevem que decis\u00f5es de dois n\u00edveis da Justi\u00e7a j\u00e1 s\u00e3o suficientes para assegurar o direito de defesa dos acusados\u201d.<\/em><\/p>\n<p style=\"text-align: justify;\">O parlamentar qualifica como \u201cretrocesso\u201d o fim da pris\u00e3o em segunda inst\u00e2ncia.<\/p>\n<p>&nbsp;<\/p>\n<p>Veja mais not\u00edcias em\u00a0<a href=\"http:\/\/www.mspontocom.com.br\/\">www.mspontocom.com.br<\/a><\/p>\n","protected":false},"excerpt":{"rendered":"<p>O deputado federal Deltan Dallagnol protocolou um pedido para criar uma comiss\u00e3o especial para reabrir a discuss\u00e3o sobre a pris\u00e3o em segunda inst\u00e2ncia. O Supremo Tribunal Federal, em 2019, derrubou o entendimento que autorizava a pris\u00e3o ap\u00f3s decis\u00e3o em segunda inst\u00e2ncia. Com isso, Lula, que estava preso e enrolado na Opera\u00e7\u00e3o Lava Jato, foi solto. [&hellip;]<\/p>\n","protected":false},"author":2,"featured_media":178773,"comment_status":"open","ping_status":"open","sticky":false,"template":"","format":"standard","meta":{"_monsterinsights_skip_tracking":false,"_monsterinsights_sitenote_active":false,"_monsterinsights_sitenote_note":"","_monsterinsights_sitenote_category":0},"categories":[30260,2528,30259,12],"tags":[356,25116,480,30999,39153],"aioseo_notices":[],"_links":{"self":[{"href":"https:\/\/mspontocom.com.br\/site\/wp-json\/wp\/v2\/posts\/178761"}],"collection":[{"href":"https:\/\/mspontocom.com.br\/site\/wp-json\/wp\/v2\/posts"}],"about":[{"href":"https:\/\/mspontocom.com.br\/site\/wp-json\/wp\/v2\/types\/post"}],"author":[{"embeddable":true,"href":"https:\/\/mspontocom.com.br\/site\/wp-json\/wp\/v2\/users\/2"}],"replies":[{"embeddable":true,"href":"https:\/\/mspontocom.com.br\/site\/wp-json\/wp\/v2\/comments?post=178761"}],"version-history":[{"count":3,"href":"https:\/\/mspontocom.com.br\/site\/wp-json\/wp\/v2\/posts\/178761\/revisions"}],"predecessor-version":[{"id":178775,"href":"https:\/\/mspontocom.com.br\/site\/wp-json\/wp\/v2\/posts\/178761\/revisions\/178775"}],"wp:featuredmedia":[{"embeddable":true,"href":"https:\/\/mspontocom.com.br\/site\/wp-json\/wp\/v2\/media\/178773"}],"wp:attachment":[{"href":"https:\/\/mspontocom.com.br\/site\/wp-json\/wp\/v2\/media?parent=178761"}],"wp:term":[{"taxonomy":"category","embeddable":true,"href":"https:\/\/mspontocom.com.br\/site\/wp-json\/wp\/v2\/categories?post=178761"},{"taxonomy":"post_tag","embeddable":true,"href":"https:\/\/mspontocom.com.br\/site\/wp-json\/wp\/v2\/tags?post=178761"}],"curies":[{"name":"wp","href":"https:\/\/api.w.org\/{rel}","templated":true}]}}