{"id":178832,"date":"2023-02-13T07:00:40","date_gmt":"2023-02-13T11:00:40","guid":{"rendered":"https:\/\/mspontocom.com.br\/site\/?p=178832"},"modified":"2023-02-13T07:00:40","modified_gmt":"2023-02-13T11:00:40","slug":"oposicao-se-movimenta-para-fixar-mandato-no-stf","status":"publish","type":"post","link":"https:\/\/mspontocom.com.br\/site\/oposicao-se-movimenta-para-fixar-mandato-no-stf\/","title":{"rendered":"Oposi\u00e7\u00e3o se movimenta para fixar mandato no STF"},"content":{"rendered":"<p style=\"text-align: justify;\"><img loading=\"lazy\" class=\"alignnone size-medium wp-image-178839\" src=\"https:\/\/mspontocom.com.br\/site\/wp-content\/uploads\/2023\/02\/site-oposicao-se-movimentam-para-fixar-mandato-no-stf-stf-2-e8b5f394-e1676285872445-260x141.png\" alt=\"\" width=\"260\" height=\"141\" srcset=\"https:\/\/mspontocom.com.br\/site\/wp-content\/uploads\/2023\/02\/site-oposicao-se-movimentam-para-fixar-mandato-no-stf-stf-2-e8b5f394-e1676285872445-260x141.png 260w, https:\/\/mspontocom.com.br\/site\/wp-content\/uploads\/2023\/02\/site-oposicao-se-movimentam-para-fixar-mandato-no-stf-stf-2-e8b5f394-e1676285872445-768x416.png 768w, https:\/\/mspontocom.com.br\/site\/wp-content\/uploads\/2023\/02\/site-oposicao-se-movimentam-para-fixar-mandato-no-stf-stf-2-e8b5f394-e1676285872445.png 776w\" sizes=\"(max-width: 260px) 100vw, 260px\" \/><\/p>\n<p style=\"text-align: justify;\">Senadores de oposi\u00e7\u00e3o ao presidente Luiz In\u00e1cio Lula da Silva (PT) articulam neste in\u00edcio de ano legislativo tirar do papel a fixa\u00e7\u00e3o de mandatos para ministros do STF .<\/p>\n<p style=\"text-align: justify;\">A rela\u00e7\u00e3o da Corte com o Congresso foi um dos principais temas abordados na campanha pela elei\u00e7\u00e3o ao comando do Senado.<\/p>\n<p style=\"text-align: justify;\">Reeleito, Rodrigo Pacheco (PSD-MG) se mostrou aberto a debater propostas sobre o funcionamento do Judici\u00e1rio.<\/p>\n<p style=\"text-align: justify;\">Atualmente, ministros do STF t\u00eam mandato vital\u00edcio, com aposentadoria compuls\u00f3ria aos 75 anos.<\/p>\n<p style=\"text-align: justify;\">Por esse crit\u00e9rio, Lula poder\u00e1 indicar 2 novos integrantes da Corte durante seu mandato, com as aposentadorias de Ricardo Lewandowski e da atual presidente, Rosa Weber, em maio e outubro de 2023, respectivamente.<\/p>\n","protected":false},"excerpt":{"rendered":"<p>Senadores de oposi\u00e7\u00e3o ao presidente Luiz In\u00e1cio Lula da Silva (PT) articulam neste in\u00edcio de ano legislativo tirar do papel a fixa\u00e7\u00e3o de mandatos para ministros do STF . A rela\u00e7\u00e3o da Corte com o Congresso foi um dos principais temas abordados na campanha pela elei\u00e7\u00e3o ao comando do Senado. Reeleito, Rodrigo Pacheco (PSD-MG) se [&hellip;]<\/p>\n","protected":false},"author":2,"featured_media":178839,"comment_status":"open","ping_status":"open","sticky":false,"template":"","format":"standard","meta":{"_monsterinsights_skip_tracking":false,"_monsterinsights_sitenote_active":false,"_monsterinsights_sitenote_note":"","_monsterinsights_sitenote_category":0},"categories":[30260,2528,30259],"tags":[39164,38635,4285],"aioseo_notices":[],"_links":{"self":[{"href":"https:\/\/mspontocom.com.br\/site\/wp-json\/wp\/v2\/posts\/178832"}],"collection":[{"href":"https:\/\/mspontocom.com.br\/site\/wp-json\/wp\/v2\/posts"}],"about":[{"href":"https:\/\/mspontocom.com.br\/site\/wp-json\/wp\/v2\/types\/post"}],"author":[{"embeddable":true,"href":"https:\/\/mspontocom.com.br\/site\/wp-json\/wp\/v2\/users\/2"}],"replies":[{"embeddable":true,"href":"https:\/\/mspontocom.com.br\/site\/wp-json\/wp\/v2\/comments?post=178832"}],"version-history":[{"count":2,"href":"https:\/\/mspontocom.com.br\/site\/wp-json\/wp\/v2\/posts\/178832\/revisions"}],"predecessor-version":[{"id":178840,"href":"https:\/\/mspontocom.com.br\/site\/wp-json\/wp\/v2\/posts\/178832\/revisions\/178840"}],"wp:featuredmedia":[{"embeddable":true,"href":"https:\/\/mspontocom.com.br\/site\/wp-json\/wp\/v2\/media\/178839"}],"wp:attachment":[{"href":"https:\/\/mspontocom.com.br\/site\/wp-json\/wp\/v2\/media?parent=178832"}],"wp:term":[{"taxonomy":"category","embeddable":true,"href":"https:\/\/mspontocom.com.br\/site\/wp-json\/wp\/v2\/categories?post=178832"},{"taxonomy":"post_tag","embeddable":true,"href":"https:\/\/mspontocom.com.br\/site\/wp-json\/wp\/v2\/tags?post=178832"}],"curies":[{"name":"wp","href":"https:\/\/api.w.org\/{rel}","templated":true}]}}