{"id":178859,"date":"2023-02-14T06:19:54","date_gmt":"2023-02-14T10:19:54","guid":{"rendered":"https:\/\/mspontocom.com.br\/site\/?p=178859"},"modified":"2023-02-14T06:45:53","modified_gmt":"2023-02-14T10:45:53","slug":"lava-jato-nunca-pegar-politicos-mas-sim-criminosos-dallagnol","status":"publish","type":"post","link":"https:\/\/mspontocom.com.br\/site\/lava-jato-nunca-pegar-politicos-mas-sim-criminosos-dallagnol\/","title":{"rendered":"\u2018Lava Jato nunca quis pegar pol\u00edticos, mas, sim, criminosos\u2019, diz Dallagnol"},"content":{"rendered":"<p style=\"text-align: justify;\"><img loading=\"lazy\" class=\"alignnone size-medium wp-image-178860\" src=\"https:\/\/mspontocom.com.br\/site\/wp-content\/uploads\/2023\/02\/site-lava-jato-nunca-quis-pegar-politicos-mas-sim-criminosos-diz-dallagnol-power-260x125.jpg\" alt=\"\" width=\"260\" height=\"125\" srcset=\"https:\/\/mspontocom.com.br\/site\/wp-content\/uploads\/2023\/02\/site-lava-jato-nunca-quis-pegar-politicos-mas-sim-criminosos-diz-dallagnol-power-260x125.jpg 260w, https:\/\/mspontocom.com.br\/site\/wp-content\/uploads\/2023\/02\/site-lava-jato-nunca-quis-pegar-politicos-mas-sim-criminosos-diz-dallagnol-power-1024x492.jpg 1024w, https:\/\/mspontocom.com.br\/site\/wp-content\/uploads\/2023\/02\/site-lava-jato-nunca-quis-pegar-politicos-mas-sim-criminosos-diz-dallagnol-power-768x369.jpg 768w, https:\/\/mspontocom.com.br\/site\/wp-content\/uploads\/2023\/02\/site-lava-jato-nunca-quis-pegar-politicos-mas-sim-criminosos-diz-dallagnol-power.jpg 1100w\" sizes=\"(max-width: 260px) 100vw, 260px\" \/><\/p>\n<p style=\"text-align: justify;\">O programa P\u00e2nico recebeu o deputado federal<strong> Deltan Dallagnol,<\/strong> que rebateu cr\u00edticas sobre a heran\u00e7a da <strong>Opera\u00e7\u00e3o Lava Jato<\/strong> na pol\u00edtica nacional e assegurou que as investiga\u00e7\u00f5es visavam apenas combater o crime, n\u00e3o criminalizar a pol\u00edtica.<\/p>\n<p style=\"text-align: justify;\">\u201cQuando a Lava Jato come\u00e7ou a se expandir e atingir A\u00e9cio Neves, Temer, existiu toda uma rea\u00e7\u00e3o do sistema pol\u00edtico. Foi frente \u00e0quilo que eles tinham cogitado em 2016, de estancar a sangria, de brecar a Lava Jato\u201c, analisou.<\/p>\n<p style=\"text-align: justify;\"><strong> \u201cA Lava Jato\u00a0 nunca quis pegar pol\u00edticos, ela quis pegar criminosos, onde quer que eles estivessem. Pessoas que existissem fortes indicativos de corrup\u00e7\u00e3o&#8221;<\/strong><\/p>\n<p style=\"text-align: justify;\">O parlamentar paranaense tamb\u00e9m citou a data em que foi condenado a indenizar o presidente Lula.<\/p>\n<p style=\"text-align: justify;\">\u201cEm um momento anterior, o dia que fui condenado pelo STJ para indenizar o<strong> Lula.<\/strong> Eu estava vendo algu\u00e9m condenado em tr\u00eas inst\u00e2ncias por corrup\u00e7\u00e3o sair impune, sem ter que devolver um centavo para a sociedade brasileira&#8221;.<\/p>\n","protected":false},"excerpt":{"rendered":"<p>O programa P\u00e2nico recebeu o deputado federal Deltan Dallagnol, que rebateu cr\u00edticas sobre a heran\u00e7a da Opera\u00e7\u00e3o Lava Jato na pol\u00edtica nacional e assegurou que as investiga\u00e7\u00f5es visavam apenas combater o crime, n\u00e3o criminalizar a pol\u00edtica. \u201cQuando a Lava Jato come\u00e7ou a se expandir e atingir A\u00e9cio Neves, Temer, existiu toda uma rea\u00e7\u00e3o do sistema [&hellip;]<\/p>\n","protected":false},"author":2,"featured_media":178860,"comment_status":"open","ping_status":"open","sticky":false,"template":"","format":"standard","meta":{"_monsterinsights_skip_tracking":false,"_monsterinsights_sitenote_active":false,"_monsterinsights_sitenote_note":"","_monsterinsights_sitenote_category":0},"categories":[6,30260,2528,30259],"tags":[33416,25116,21419,22290],"aioseo_notices":[],"_links":{"self":[{"href":"https:\/\/mspontocom.com.br\/site\/wp-json\/wp\/v2\/posts\/178859"}],"collection":[{"href":"https:\/\/mspontocom.com.br\/site\/wp-json\/wp\/v2\/posts"}],"about":[{"href":"https:\/\/mspontocom.com.br\/site\/wp-json\/wp\/v2\/types\/post"}],"author":[{"embeddable":true,"href":"https:\/\/mspontocom.com.br\/site\/wp-json\/wp\/v2\/users\/2"}],"replies":[{"embeddable":true,"href":"https:\/\/mspontocom.com.br\/site\/wp-json\/wp\/v2\/comments?post=178859"}],"version-history":[{"count":1,"href":"https:\/\/mspontocom.com.br\/site\/wp-json\/wp\/v2\/posts\/178859\/revisions"}],"predecessor-version":[{"id":178861,"href":"https:\/\/mspontocom.com.br\/site\/wp-json\/wp\/v2\/posts\/178859\/revisions\/178861"}],"wp:featuredmedia":[{"embeddable":true,"href":"https:\/\/mspontocom.com.br\/site\/wp-json\/wp\/v2\/media\/178860"}],"wp:attachment":[{"href":"https:\/\/mspontocom.com.br\/site\/wp-json\/wp\/v2\/media?parent=178859"}],"wp:term":[{"taxonomy":"category","embeddable":true,"href":"https:\/\/mspontocom.com.br\/site\/wp-json\/wp\/v2\/categories?post=178859"},{"taxonomy":"post_tag","embeddable":true,"href":"https:\/\/mspontocom.com.br\/site\/wp-json\/wp\/v2\/tags?post=178859"}],"curies":[{"name":"wp","href":"https:\/\/api.w.org\/{rel}","templated":true}]}}