{"id":179118,"date":"2023-02-23T14:00:24","date_gmt":"2023-02-23T18:00:24","guid":{"rendered":"https:\/\/mspontocom.com.br\/site\/?p=179118"},"modified":"2023-02-23T13:53:11","modified_gmt":"2023-02-23T17:53:11","slug":"vacinacao-do-governo-lula-contra-covid-e-pifia","status":"publish","type":"post","link":"https:\/\/mspontocom.com.br\/site\/vacinacao-do-governo-lula-contra-covid-e-pifia\/","title":{"rendered":"Vacina\u00e7\u00e3o do governo Lula contra covid \u00e9 p\u00edfia"},"content":{"rendered":"<p style=\"text-align: justify;\"><img loading=\"lazy\" class=\"alignnone size-medium wp-image-179120\" src=\"https:\/\/mspontocom.com.br\/site\/wp-content\/uploads\/2023\/02\/site-vacinacao-do-governo-lula-contra-covid-e-pifia-bolsolula1-260x146.jpg\" alt=\"\" width=\"260\" height=\"146\" srcset=\"https:\/\/mspontocom.com.br\/site\/wp-content\/uploads\/2023\/02\/site-vacinacao-do-governo-lula-contra-covid-e-pifia-bolsolula1-260x146.jpg 260w, https:\/\/mspontocom.com.br\/site\/wp-content\/uploads\/2023\/02\/site-vacinacao-do-governo-lula-contra-covid-e-pifia-bolsolula1-768x431.jpg 768w, https:\/\/mspontocom.com.br\/site\/wp-content\/uploads\/2023\/02\/site-vacinacao-do-governo-lula-contra-covid-e-pifia-bolsolula1.jpg 818w\" sizes=\"(max-width: 260px) 100vw, 260px\" \/><\/p>\n<p style=\"text-align: justify;\">Entre 1\u00ba de janeiro de 15 de fevereiro, o terceiro governo Lula vacinou, em m\u00e9dia, apenas 88 mil brasileiros por dia com doses de vacinas contra a Covid-19.<\/p>\n<p style=\"text-align: justify;\">No total, petistas, que constru\u00edram sua campanha contra o ex-presidente Jair Bolsonaro (PL) sobre o pilar da \u201cirresponsabilidade\u201d no quesito vacina\u00e7\u00e3o, n\u00e3o aumentaram o n\u00famero de doses aplicadas e nem sequer conseguiram entregar novas vacinas aos profissionais de sa\u00fade.<\/p>\n<div id=\"Nota-7\" class=\"entry-block ch-nota Nota-7\" style=\"text-align: justify;\">\n<h3>Resultado Lula<\/h3>\n<\/div>\n<p style=\"text-align: justify;\">No melhor dia da vacina\u00e7\u00e3o contra a covid no governo Lula, at\u00e9 agora, pouco mais de 275 mil doses foram aplicadas nos bra\u00e7os dos brasileiros.<\/p>\n<div id=\"Nota-8\" class=\"entry-block ch-nota Nota-8\" style=\"text-align: justify;\">\n<h3>Resultado Bolsonaro<\/h3>\n<\/div>\n<p style=\"text-align: justify;\">No melhor dia de dezembro, o \u00faltimo m\u00eas do governo Jair Bolsonaro (PL), profissionais de sa\u00fade brasileiros aplicaram 520 mil doses em 24h.<\/p>\n<div id=\"Nota-9\" class=\"entry-block ch-nota Nota-9\" style=\"text-align: justify;\">\n<h3>Queda absoluta<\/h3>\n<\/div>\n<p style=\"text-align: justify;\">Segundo dados do Our World in Data, a m\u00e9dia de vacinas aplicadas no Brasil entre setembro de 2022 e fevereiro de 2023 caiu 81%.<\/p>\n<p style=\"text-align: justify;\">Fonte: Di\u00e1rio do Poder<\/p>\n<p style=\"text-align: justify;\">Veja mais not\u00edcias em\u00a0<a href=\"http:\/\/www.mspontocom.com.br\/\">www.mspontocom.com.br<\/a><\/p>\n","protected":false},"excerpt":{"rendered":"<p>Entre 1\u00ba de janeiro de 15 de fevereiro, o terceiro governo Lula vacinou, em m\u00e9dia, apenas 88 mil brasileiros por dia com doses de vacinas contra a Covid-19. No total, petistas, que constru\u00edram sua campanha contra o ex-presidente Jair Bolsonaro (PL) sobre o pilar da \u201cirresponsabilidade\u201d no quesito vacina\u00e7\u00e3o, n\u00e3o aumentaram o n\u00famero de doses [&hellip;]<\/p>\n","protected":false},"author":2,"featured_media":179120,"comment_status":"open","ping_status":"open","sticky":false,"template":"","format":"standard","meta":{"_monsterinsights_skip_tracking":false,"_monsterinsights_sitenote_active":false,"_monsterinsights_sitenote_note":"","_monsterinsights_sitenote_category":0},"categories":[6,30260,30259],"tags":[21711,39205,630],"aioseo_notices":[],"_links":{"self":[{"href":"https:\/\/mspontocom.com.br\/site\/wp-json\/wp\/v2\/posts\/179118"}],"collection":[{"href":"https:\/\/mspontocom.com.br\/site\/wp-json\/wp\/v2\/posts"}],"about":[{"href":"https:\/\/mspontocom.com.br\/site\/wp-json\/wp\/v2\/types\/post"}],"author":[{"embeddable":true,"href":"https:\/\/mspontocom.com.br\/site\/wp-json\/wp\/v2\/users\/2"}],"replies":[{"embeddable":true,"href":"https:\/\/mspontocom.com.br\/site\/wp-json\/wp\/v2\/comments?post=179118"}],"version-history":[{"count":3,"href":"https:\/\/mspontocom.com.br\/site\/wp-json\/wp\/v2\/posts\/179118\/revisions"}],"predecessor-version":[{"id":179139,"href":"https:\/\/mspontocom.com.br\/site\/wp-json\/wp\/v2\/posts\/179118\/revisions\/179139"}],"wp:featuredmedia":[{"embeddable":true,"href":"https:\/\/mspontocom.com.br\/site\/wp-json\/wp\/v2\/media\/179120"}],"wp:attachment":[{"href":"https:\/\/mspontocom.com.br\/site\/wp-json\/wp\/v2\/media?parent=179118"}],"wp:term":[{"taxonomy":"category","embeddable":true,"href":"https:\/\/mspontocom.com.br\/site\/wp-json\/wp\/v2\/categories?post=179118"},{"taxonomy":"post_tag","embeddable":true,"href":"https:\/\/mspontocom.com.br\/site\/wp-json\/wp\/v2\/tags?post=179118"}],"curies":[{"name":"wp","href":"https:\/\/api.w.org\/{rel}","templated":true}]}}