{"id":179144,"date":"2023-02-24T17:20:52","date_gmt":"2023-02-24T21:20:52","guid":{"rendered":"https:\/\/mspontocom.com.br\/site\/?p=179144"},"modified":"2023-02-24T17:16:29","modified_gmt":"2023-02-24T21:16:29","slug":"deputado-do-pl-apresenta-noticia-crime-contra-globo","status":"publish","type":"post","link":"https:\/\/mspontocom.com.br\/site\/deputado-do-pl-apresenta-noticia-crime-contra-globo\/","title":{"rendered":"Deputado do PL apresenta not\u00edcia-crime contra Globo"},"content":{"rendered":"<p style=\"text-align: justify;\"><img loading=\"lazy\" class=\"alignnone size-medium wp-image-179152\" src=\"https:\/\/mspontocom.com.br\/site\/wp-content\/uploads\/2023\/02\/site-deputado-apresenta-noticia-crime-contra-globo-globo-e1677237157308-260x161.jpg\" alt=\"\" width=\"260\" height=\"161\" srcset=\"https:\/\/mspontocom.com.br\/site\/wp-content\/uploads\/2023\/02\/site-deputado-apresenta-noticia-crime-contra-globo-globo-e1677237157308-260x161.jpg 260w, https:\/\/mspontocom.com.br\/site\/wp-content\/uploads\/2023\/02\/site-deputado-apresenta-noticia-crime-contra-globo-globo-e1677237157308-1024x633.jpg 1024w, https:\/\/mspontocom.com.br\/site\/wp-content\/uploads\/2023\/02\/site-deputado-apresenta-noticia-crime-contra-globo-globo-e1677237157308-768x475.jpg 768w, https:\/\/mspontocom.com.br\/site\/wp-content\/uploads\/2023\/02\/site-deputado-apresenta-noticia-crime-contra-globo-globo-e1677237157308.jpg 1113w\" sizes=\"(max-width: 260px) 100vw, 260px\" \/><\/p>\n<p style=\"text-align: justify;\">O deputado estadual <strong>Capit\u00e3o Assum\u00e7\u00e3o (PL-ES)<\/strong> apresentou uma not\u00edcia-crime contra a\u00a0<a href=\"https:\/\/revistaoeste.com\/politica\/a-avaliacao-da-globo-sobre-os-46-dias-do-governo-lula\/\" target=\"_blank\" rel=\"noopener\"><strong>rede Globo<\/strong><\/a>\u00a0por uma publica\u00e7\u00e3o em que o portal<a href=\"https:\/\/www.instagram.com\/gshow\/\" target=\"_blank\" rel=\"noopener\"><strong>\u00a0\u201cGshow\u201d<\/strong><\/a>\u00a0faz uma s\u00e1tira com um trecho da<em>\u00a0B\u00edblia<\/em>.<\/p>\n<p style=\"text-align: justify;\">A den\u00fancia foi protocolada nesta quinta-feira, 23, no Minist\u00e9rio P\u00fablico Federal.<\/p>\n<p style=\"text-align: justify;\">O \u201cGshow\u201d publicou uma foto da atriz Paolla Oliveira sambando durante o Carnaval com a seguinte legenda:<\/p>\n<p style=\"text-align: justify;\">\u201cEu e minha casa serviremos a Paolla Oliveira, rainha perfeita\u201d. Mas a frase original se encontra no livro de\u00a0<em>Josu\u00e9<\/em>, no cap\u00edtulo 24 e no vers\u00edculo 15: \u201cEu e minha casa serviremos ao Senhor\u201d.<\/p>\n<p style=\"text-align: justify;\">Segundo o parlamentar, a mudan\u00e7a no texto desrespeita a mensagem original.<\/p>\n<p style=\"text-align: justify;\">Assim, a publica\u00e7\u00e3o estaria vilipendiando o ato de culto religioso, especificamente o vers\u00edculo b\u00edblico.<\/p>\n<p style=\"text-align: justify;\">Conforme o C\u00f3digo Penal, vilip\u00eandio significa desprezar, injuriar ou ultrajar mediante palavras.<\/p>\n<p style=\"text-align: justify;\">\u201cA Globo vilipendiou de modo irrespons\u00e1vel e desrespeitoso, fazendo o uso de imagens e dizeres que desrespeitam os princ\u00edpios crist\u00e3os\u201d, argumentou Assum\u00e7\u00e3o na pe\u00e7a.<\/p>\n","protected":false},"excerpt":{"rendered":"<p>O deputado estadual Capit\u00e3o Assum\u00e7\u00e3o (PL-ES) apresentou uma not\u00edcia-crime contra a\u00a0rede Globo\u00a0por uma publica\u00e7\u00e3o em que o portal\u00a0\u201cGshow\u201d\u00a0faz uma s\u00e1tira com um trecho da\u00a0B\u00edblia. A den\u00fancia foi protocolada nesta quinta-feira, 23, no Minist\u00e9rio P\u00fablico Federal. O \u201cGshow\u201d publicou uma foto da atriz Paolla Oliveira sambando durante o Carnaval com a seguinte legenda: \u201cEu e minha [&hellip;]<\/p>\n","protected":false},"author":2,"featured_media":179152,"comment_status":"open","ping_status":"open","sticky":false,"template":"","format":"standard","meta":{"_monsterinsights_skip_tracking":false,"_monsterinsights_sitenote_active":false,"_monsterinsights_sitenote_note":"","_monsterinsights_sitenote_category":0},"categories":[6,30260,30259],"tags":[39209,501],"aioseo_notices":[],"_links":{"self":[{"href":"https:\/\/mspontocom.com.br\/site\/wp-json\/wp\/v2\/posts\/179144"}],"collection":[{"href":"https:\/\/mspontocom.com.br\/site\/wp-json\/wp\/v2\/posts"}],"about":[{"href":"https:\/\/mspontocom.com.br\/site\/wp-json\/wp\/v2\/types\/post"}],"author":[{"embeddable":true,"href":"https:\/\/mspontocom.com.br\/site\/wp-json\/wp\/v2\/users\/2"}],"replies":[{"embeddable":true,"href":"https:\/\/mspontocom.com.br\/site\/wp-json\/wp\/v2\/comments?post=179144"}],"version-history":[{"count":2,"href":"https:\/\/mspontocom.com.br\/site\/wp-json\/wp\/v2\/posts\/179144\/revisions"}],"predecessor-version":[{"id":179153,"href":"https:\/\/mspontocom.com.br\/site\/wp-json\/wp\/v2\/posts\/179144\/revisions\/179153"}],"wp:featuredmedia":[{"embeddable":true,"href":"https:\/\/mspontocom.com.br\/site\/wp-json\/wp\/v2\/media\/179152"}],"wp:attachment":[{"href":"https:\/\/mspontocom.com.br\/site\/wp-json\/wp\/v2\/media?parent=179144"}],"wp:term":[{"taxonomy":"category","embeddable":true,"href":"https:\/\/mspontocom.com.br\/site\/wp-json\/wp\/v2\/categories?post=179144"},{"taxonomy":"post_tag","embeddable":true,"href":"https:\/\/mspontocom.com.br\/site\/wp-json\/wp\/v2\/tags?post=179144"}],"curies":[{"name":"wp","href":"https:\/\/api.w.org\/{rel}","templated":true}]}}