{"id":179146,"date":"2023-02-24T14:20:43","date_gmt":"2023-02-24T18:20:43","guid":{"rendered":"https:\/\/mspontocom.com.br\/site\/?p=179146"},"modified":"2023-02-24T14:17:34","modified_gmt":"2023-02-24T18:17:34","slug":"membro-do-grupo-de-lula-contra-odio-coleciona-ofensas-na-internet","status":"publish","type":"post","link":"https:\/\/mspontocom.com.br\/site\/membro-do-grupo-de-lula-contra-odio-coleciona-ofensas-na-internet\/","title":{"rendered":"Membro do grupo de Lula \u2018contra \u00f3dio\u2019 coleciona ofensas na internet"},"content":{"rendered":"<p style=\"text-align: justify;\"><img loading=\"lazy\" class=\"alignnone size-medium wp-image-179154\" src=\"https:\/\/mspontocom.com.br\/site\/wp-content\/uploads\/2023\/02\/site-membro-do-grupo-de-lula-contra-odio-coleciona-ofensas-na-internet-felipe-260x162.webp\" alt=\"\" width=\"260\" height=\"162\" srcset=\"https:\/\/mspontocom.com.br\/site\/wp-content\/uploads\/2023\/02\/site-membro-do-grupo-de-lula-contra-odio-coleciona-ofensas-na-internet-felipe-260x162.webp 260w, https:\/\/mspontocom.com.br\/site\/wp-content\/uploads\/2023\/02\/site-membro-do-grupo-de-lula-contra-odio-coleciona-ofensas-na-internet-felipe-768x477.webp 768w, https:\/\/mspontocom.com.br\/site\/wp-content\/uploads\/2023\/02\/site-membro-do-grupo-de-lula-contra-odio-coleciona-ofensas-na-internet-felipe.webp 924w\" sizes=\"(max-width: 260px) 100vw, 260px\" \/><\/p>\n<p style=\"text-align: justify;\">Nomeado pelo governo<strong> Lula<\/strong> para compor o grupo\u00a0 destinado ao combate do discurso de \u00f3dio e ao extremismo, 0 influenciador\u00a0<strong>Felipe Neto<\/strong> coleciona postagens que parecem contradizer o prop\u00f3sito da equipe.<\/p>\n<p style=\"text-align: justify;\">S\u00e3o ofensas contra jornalistas, apoiadores de <strong>Jair Bolsonaro<\/strong> e at\u00e9 xingamentos contra o ex-presidente, \u00e0 \u00e9poca das ofensas ainda sob o posto de maior autoridade do pa\u00eds.<\/p>\n<p style=\"text-align: justify;\">O youtuber j\u00e1 foi intimado pela Pol\u00edcia Civil do Rio de Janeiro, em 2021, a depor em uma investiga\u00e7\u00e3o de \u201ccrime contra a seguran\u00e7a nacional\u201d, ap\u00f3s chamar Bolsonaro de genocida em seu twitter.<\/p>\n<div id=\"ddp-ads-AD-51\" style=\"text-align: justify;\" data-google-query-id=\"CM3ZufD4rf0CFSONlQIdc7kKnQ\">\n<div id=\"google_ads_iframe_\/21727414016\/AD-51_0__container__\">Chama aten\u00e7\u00e3o as publica\u00e7\u00f5es de Felipe, que em uma de suas postagens chega a associar o ex-presidente a figura de um cachorro.<\/div>\n<\/div>\n<p style=\"text-align: justify;\">Apesar do comportamento r\u00edspido, Felipe Neto foi escolhido para compor o grupo que, entre algumas compet\u00eancias, est\u00e3o:<\/p>\n<ul>\n<li style=\"text-align: justify;\">assessorar o Ministro de Estado dos Direitos Humanos e da Cidadania nas quest\u00f5es referentes ao discurso de \u00f3dio e ao extremismo;<\/li>\n<li style=\"text-align: justify;\">realizar estudos e discutir estrat\u00e9gias de combate ao discurso de \u00f3dio e ao extremismo;<\/li>\n<li style=\"text-align: justify;\">propor pol\u00edticas p\u00fablicas de direitos humanos para combater o discurso de \u00f3dio e o extremismo.<\/li>\n<\/ul>\n","protected":false},"excerpt":{"rendered":"<p>Nomeado pelo governo Lula para compor o grupo\u00a0 destinado ao combate do discurso de \u00f3dio e ao extremismo, 0 influenciador\u00a0Felipe Neto coleciona postagens que parecem contradizer o prop\u00f3sito da equipe. S\u00e3o ofensas contra jornalistas, apoiadores de Jair Bolsonaro e at\u00e9 xingamentos contra o ex-presidente, \u00e0 \u00e9poca das ofensas ainda sob o posto de maior autoridade [&hellip;]<\/p>\n","protected":false},"author":2,"featured_media":179154,"comment_status":"open","ping_status":"open","sticky":false,"template":"","format":"standard","meta":{"_monsterinsights_skip_tracking":false,"_monsterinsights_sitenote_active":false,"_monsterinsights_sitenote_note":"","_monsterinsights_sitenote_category":0},"categories":[6,30260,30259],"tags":[37725,204,480,26167,32671],"aioseo_notices":[],"_links":{"self":[{"href":"https:\/\/mspontocom.com.br\/site\/wp-json\/wp\/v2\/posts\/179146"}],"collection":[{"href":"https:\/\/mspontocom.com.br\/site\/wp-json\/wp\/v2\/posts"}],"about":[{"href":"https:\/\/mspontocom.com.br\/site\/wp-json\/wp\/v2\/types\/post"}],"author":[{"embeddable":true,"href":"https:\/\/mspontocom.com.br\/site\/wp-json\/wp\/v2\/users\/2"}],"replies":[{"embeddable":true,"href":"https:\/\/mspontocom.com.br\/site\/wp-json\/wp\/v2\/comments?post=179146"}],"version-history":[{"count":2,"href":"https:\/\/mspontocom.com.br\/site\/wp-json\/wp\/v2\/posts\/179146\/revisions"}],"predecessor-version":[{"id":179155,"href":"https:\/\/mspontocom.com.br\/site\/wp-json\/wp\/v2\/posts\/179146\/revisions\/179155"}],"wp:featuredmedia":[{"embeddable":true,"href":"https:\/\/mspontocom.com.br\/site\/wp-json\/wp\/v2\/media\/179154"}],"wp:attachment":[{"href":"https:\/\/mspontocom.com.br\/site\/wp-json\/wp\/v2\/media?parent=179146"}],"wp:term":[{"taxonomy":"category","embeddable":true,"href":"https:\/\/mspontocom.com.br\/site\/wp-json\/wp\/v2\/categories?post=179146"},{"taxonomy":"post_tag","embeddable":true,"href":"https:\/\/mspontocom.com.br\/site\/wp-json\/wp\/v2\/tags?post=179146"}],"curies":[{"name":"wp","href":"https:\/\/api.w.org\/{rel}","templated":true}]}}