{"id":179170,"date":"2023-02-25T06:10:01","date_gmt":"2023-02-25T10:10:01","guid":{"rendered":"https:\/\/mspontocom.com.br\/site\/?p=179170"},"modified":"2023-02-25T06:10:01","modified_gmt":"2023-02-25T10:10:01","slug":"novo-juiz-da-lava-jato-se-identificou-como-lul22","status":"publish","type":"post","link":"https:\/\/mspontocom.com.br\/site\/novo-juiz-da-lava-jato-se-identificou-como-lul22\/","title":{"rendered":"Novo juiz da Lava-Jato se identificou como \u2018LUL22\u2019"},"content":{"rendered":"<p style=\"text-align: justify;\"><img loading=\"lazy\" class=\"alignnone size-medium wp-image-179171\" src=\"https:\/\/mspontocom.com.br\/site\/wp-content\/uploads\/2023\/02\/site-novo-juiz-da-lava-jato-se-identificou-como-lul22-apoio-260x156.webp\" alt=\"\" width=\"260\" height=\"156\" srcset=\"https:\/\/mspontocom.com.br\/site\/wp-content\/uploads\/2023\/02\/site-novo-juiz-da-lava-jato-se-identificou-como-lul22-apoio-260x156.webp 260w, https:\/\/mspontocom.com.br\/site\/wp-content\/uploads\/2023\/02\/site-novo-juiz-da-lava-jato-se-identificou-como-lul22-apoio-768x461.webp 768w, https:\/\/mspontocom.com.br\/site\/wp-content\/uploads\/2023\/02\/site-novo-juiz-da-lava-jato-se-identificou-como-lul22-apoio.webp 790w\" sizes=\"(max-width: 260px) 100vw, 260px\" \/><\/p>\n<p style=\"text-align: justify;\">O novo juiz da 13\u00aa Vara Federal de Curitiba, <strong>Eduardo Appio<\/strong>, adotou uma identifica\u00e7\u00e3o eletr\u00f4nica alusiva \u00e0 campanha de Lula no sistema processual da Justi\u00e7a, o e-proc.<\/p>\n<p style=\"text-align: justify;\">Nele, Appio assinava como<strong> \u201cLUL22\u201d<\/strong> at\u00e9 assumir o comando da Lava-Jato.<\/p>\n<div class=\"mc-column content-text active-extra-styles \" style=\"text-align: justify;\" data-block-type=\"unstyled\" data-block-weight=\"22\" data-block-id=\"4\">\n<p class=\"content-text__container \" data-track-category=\"Link no Texto\" data-track-links=\"\">\u00c9 o que mostram prints das telas do sistema da Justi\u00e7a.<\/p>\n<\/div>\n<div class=\"mc-column content-text active-extra-styles \" data-block-type=\"unstyled\" data-block-weight=\"42\" data-block-id=\"5\">\n<p class=\"content-text__container \" style=\"text-align: justify;\" data-track-category=\"Link no Texto\" data-track-links=\"\">No ambiente virtual, os magistrados devem adotar uma sigla como assinatura, quase sempre com tr\u00eas letras e dois n\u00fameros.<\/p>\n<p style=\"text-align: justify;\" data-track-category=\"Link no Texto\" data-track-links=\"\">De acordo com a plataforma, Appio assinou como \u201cLUL22\u201d entre 2021 e o in\u00edcio deste ano, quando integrava a 2\u00aa Turma Recursal da Justi\u00e7a Federal do Paran\u00e1.<\/p>\n<\/div>\n","protected":false},"excerpt":{"rendered":"<p>O novo juiz da 13\u00aa Vara Federal de Curitiba, Eduardo Appio, adotou uma identifica\u00e7\u00e3o eletr\u00f4nica alusiva \u00e0 campanha de Lula no sistema processual da Justi\u00e7a, o e-proc. Nele, Appio assinava como \u201cLUL22\u201d at\u00e9 assumir o comando da Lava-Jato. \u00c9 o que mostram prints das telas do sistema da Justi\u00e7a. No ambiente virtual, os magistrados devem [&hellip;]<\/p>\n","protected":false},"author":2,"featured_media":179171,"comment_status":"open","ping_status":"open","sticky":false,"template":"","format":"standard","meta":{"_monsterinsights_skip_tracking":false,"_monsterinsights_sitenote_active":false,"_monsterinsights_sitenote_note":"","_monsterinsights_sitenote_category":0},"categories":[6,30260,30259],"tags":[39211,1789,21419,39212],"aioseo_notices":[],"_links":{"self":[{"href":"https:\/\/mspontocom.com.br\/site\/wp-json\/wp\/v2\/posts\/179170"}],"collection":[{"href":"https:\/\/mspontocom.com.br\/site\/wp-json\/wp\/v2\/posts"}],"about":[{"href":"https:\/\/mspontocom.com.br\/site\/wp-json\/wp\/v2\/types\/post"}],"author":[{"embeddable":true,"href":"https:\/\/mspontocom.com.br\/site\/wp-json\/wp\/v2\/users\/2"}],"replies":[{"embeddable":true,"href":"https:\/\/mspontocom.com.br\/site\/wp-json\/wp\/v2\/comments?post=179170"}],"version-history":[{"count":1,"href":"https:\/\/mspontocom.com.br\/site\/wp-json\/wp\/v2\/posts\/179170\/revisions"}],"predecessor-version":[{"id":179172,"href":"https:\/\/mspontocom.com.br\/site\/wp-json\/wp\/v2\/posts\/179170\/revisions\/179172"}],"wp:featuredmedia":[{"embeddable":true,"href":"https:\/\/mspontocom.com.br\/site\/wp-json\/wp\/v2\/media\/179171"}],"wp:attachment":[{"href":"https:\/\/mspontocom.com.br\/site\/wp-json\/wp\/v2\/media?parent=179170"}],"wp:term":[{"taxonomy":"category","embeddable":true,"href":"https:\/\/mspontocom.com.br\/site\/wp-json\/wp\/v2\/categories?post=179170"},{"taxonomy":"post_tag","embeddable":true,"href":"https:\/\/mspontocom.com.br\/site\/wp-json\/wp\/v2\/tags?post=179170"}],"curies":[{"name":"wp","href":"https:\/\/api.w.org\/{rel}","templated":true}]}}