{"id":179173,"date":"2023-02-25T06:17:27","date_gmt":"2023-02-25T10:17:27","guid":{"rendered":"https:\/\/mspontocom.com.br\/site\/?p=179173"},"modified":"2023-02-25T06:17:27","modified_gmt":"2023-02-25T10:17:27","slug":"fevereiro-registra-recorde-de-desmatamento-na-amazonia","status":"publish","type":"post","link":"https:\/\/mspontocom.com.br\/site\/fevereiro-registra-recorde-de-desmatamento-na-amazonia\/","title":{"rendered":"Fevereiro registra recorde de desmatamento na Amaz\u00f4nia"},"content":{"rendered":"<p style=\"text-align: justify;\"><img loading=\"lazy\" class=\"alignnone size-medium wp-image-179174\" src=\"https:\/\/mspontocom.com.br\/site\/wp-content\/uploads\/2023\/02\/site-fevereiro-registra-recorde-de-desmatamento-na-amazonia-marina-260x146.png\" alt=\"\" width=\"260\" height=\"146\" srcset=\"https:\/\/mspontocom.com.br\/site\/wp-content\/uploads\/2023\/02\/site-fevereiro-registra-recorde-de-desmatamento-na-amazonia-marina-260x146.png 260w, https:\/\/mspontocom.com.br\/site\/wp-content\/uploads\/2023\/02\/site-fevereiro-registra-recorde-de-desmatamento-na-amazonia-marina-768x432.png 768w, https:\/\/mspontocom.com.br\/site\/wp-content\/uploads\/2023\/02\/site-fevereiro-registra-recorde-de-desmatamento-na-amazonia-marina.png 900w\" sizes=\"(max-width: 260px) 100vw, 260px\" \/><\/p>\n<p style=\"text-align: justify;\">Dados do Instituto Nacional de Pesquisas Espaciais (Inpe) apontam que os alertas de desmatamento na Amaz\u00f4nia Legal identificados entre os dias 1 e 17 de fevereiro<strong> j\u00e1 representam o pior \u00edndice para m\u00eas desde o in\u00edcio da s\u00e9rie hist\u00f3rica,<\/strong> iniciada em 2015.<\/p>\n<p style=\"text-align: justify;\">Segundo as informa\u00e7\u00f5es do Sistema de Detec\u00e7\u00e3o de Desmatamento em Tempo Real (Deter), o volume de desmatamento chegou a 209 km\u00b2 no per\u00edodo, ante 199 km\u00b2 verificados no m\u00eas de fevereiro do ano passado.<\/p>\n<p style=\"text-align: justify;\">O volume \u00e9 quase do dobro da \u00e1rea desmatada em fevereiro de 2015, por exemplo, quando o sistema captou 115 km\u00b2 de devasta\u00e7\u00e3o.<\/p>\n","protected":false},"excerpt":{"rendered":"<p>Dados do Instituto Nacional de Pesquisas Espaciais (Inpe) apontam que os alertas de desmatamento na Amaz\u00f4nia Legal identificados entre os dias 1 e 17 de fevereiro j\u00e1 representam o pior \u00edndice para m\u00eas desde o in\u00edcio da s\u00e9rie hist\u00f3rica, iniciada em 2015. Segundo as informa\u00e7\u00f5es do Sistema de Detec\u00e7\u00e3o de Desmatamento em Tempo Real (Deter), [&hellip;]<\/p>\n","protected":false},"author":2,"featured_media":179174,"comment_status":"open","ping_status":"open","sticky":false,"template":"","format":"standard","meta":{"_monsterinsights_skip_tracking":false,"_monsterinsights_sitenote_active":false,"_monsterinsights_sitenote_note":"","_monsterinsights_sitenote_category":0},"categories":[6,30260,30259],"tags":[1474,1407,24806,207],"aioseo_notices":[],"_links":{"self":[{"href":"https:\/\/mspontocom.com.br\/site\/wp-json\/wp\/v2\/posts\/179173"}],"collection":[{"href":"https:\/\/mspontocom.com.br\/site\/wp-json\/wp\/v2\/posts"}],"about":[{"href":"https:\/\/mspontocom.com.br\/site\/wp-json\/wp\/v2\/types\/post"}],"author":[{"embeddable":true,"href":"https:\/\/mspontocom.com.br\/site\/wp-json\/wp\/v2\/users\/2"}],"replies":[{"embeddable":true,"href":"https:\/\/mspontocom.com.br\/site\/wp-json\/wp\/v2\/comments?post=179173"}],"version-history":[{"count":1,"href":"https:\/\/mspontocom.com.br\/site\/wp-json\/wp\/v2\/posts\/179173\/revisions"}],"predecessor-version":[{"id":179175,"href":"https:\/\/mspontocom.com.br\/site\/wp-json\/wp\/v2\/posts\/179173\/revisions\/179175"}],"wp:featuredmedia":[{"embeddable":true,"href":"https:\/\/mspontocom.com.br\/site\/wp-json\/wp\/v2\/media\/179174"}],"wp:attachment":[{"href":"https:\/\/mspontocom.com.br\/site\/wp-json\/wp\/v2\/media?parent=179173"}],"wp:term":[{"taxonomy":"category","embeddable":true,"href":"https:\/\/mspontocom.com.br\/site\/wp-json\/wp\/v2\/categories?post=179173"},{"taxonomy":"post_tag","embeddable":true,"href":"https:\/\/mspontocom.com.br\/site\/wp-json\/wp\/v2\/tags?post=179173"}],"curies":[{"name":"wp","href":"https:\/\/api.w.org\/{rel}","templated":true}]}}