{"id":179201,"date":"2023-02-27T13:13:29","date_gmt":"2023-02-27T17:13:29","guid":{"rendered":"https:\/\/mspontocom.com.br\/site\/?p=179201"},"modified":"2023-02-27T13:09:00","modified_gmt":"2023-02-27T17:09:00","slug":"forcas-armadas-devem-atender-ao-clamor-popular-diz-deputado","status":"publish","type":"post","link":"https:\/\/mspontocom.com.br\/site\/forcas-armadas-devem-atender-ao-clamor-popular-diz-deputado\/","title":{"rendered":"\u201cFor\u00e7as Armadas devem atender ao clamor popular\u201d, diz deputado"},"content":{"rendered":"<p style=\"text-align: justify;\"><img loading=\"lazy\" class=\"alignnone size-medium wp-image-179209\" src=\"https:\/\/mspontocom.com.br\/site\/wp-content\/uploads\/2023\/02\/site-forcas-armadas-devem-atender-ao-clamor-popular-diz-deputado-armadas-260x172.jpg\" alt=\"\" width=\"260\" height=\"172\" srcset=\"https:\/\/mspontocom.com.br\/site\/wp-content\/uploads\/2023\/02\/site-forcas-armadas-devem-atender-ao-clamor-popular-diz-deputado-armadas-260x172.jpg 260w, https:\/\/mspontocom.com.br\/site\/wp-content\/uploads\/2023\/02\/site-forcas-armadas-devem-atender-ao-clamor-popular-diz-deputado-armadas.jpg 768w\" sizes=\"(max-width: 260px) 100vw, 260px\" \/><\/p>\n<p style=\"text-align: justify;\">O novo l\u00edder da bancada evang\u00e9lica na C\u00e2mara, deputado federal\u00a0<strong>Eli Borges<\/strong>\u00a0(PL), disse\u00a0n\u00e3o ter visto<em>\u00a0\u201cnada de errado\u201d<\/em>\u00a0nas manifesta\u00e7\u00f5es de pessoas que pediam\u00a0<strong>interven\u00e7\u00e3o militar<\/strong>\u00a0ap\u00f3s a derrota de\u00a0<strong>Jair Bolsonaro\u00a0<\/strong>no ano passado.<\/p>\n<p style=\"text-align: justify;\">Em entrevista \u00e0 Folha, o parlamentar afirmou que as pautas defendidas pelos manifestantes s\u00e3o v\u00e1lidas e que as <strong>For\u00e7as Armada<\/strong>s t\u00eam o papel de\u00a0<em>\u201catender ao clamor popular\u201d<\/em>.<\/p>\n<p style=\"text-align: justify;\">Sobre os\u00a0<strong>ataques de 8 de janeiro<\/strong>\u00a0\u00e0s sedes dos Tr\u00eas Poderes, o parlamentar afirmou:<\/p>\n<p style=\"text-align: justify;\"><em>\u201cQuero compreender que tem uma pequena minoria de baderneiros infiltrados e, \u00e0s vezes, algumas pessoas na sua simplicidade, mas eles n\u00e3o representam o pensamento da maioria dos brasileiros.\u201d<\/em><\/p>\n","protected":false},"excerpt":{"rendered":"<p>O novo l\u00edder da bancada evang\u00e9lica na C\u00e2mara, deputado federal\u00a0Eli Borges\u00a0(PL), disse\u00a0n\u00e3o ter visto\u00a0\u201cnada de errado\u201d\u00a0nas manifesta\u00e7\u00f5es de pessoas que pediam\u00a0interven\u00e7\u00e3o militar\u00a0ap\u00f3s a derrota de\u00a0Jair Bolsonaro\u00a0no ano passado. Em entrevista \u00e0 Folha, o parlamentar afirmou que as pautas defendidas pelos manifestantes s\u00e3o v\u00e1lidas e que as For\u00e7as Armadas t\u00eam o papel de\u00a0\u201catender ao clamor popular\u201d. [&hellip;]<\/p>\n","protected":false},"author":2,"featured_media":179209,"comment_status":"open","ping_status":"open","sticky":false,"template":"","format":"standard","meta":{"_monsterinsights_skip_tracking":false,"_monsterinsights_sitenote_active":false,"_monsterinsights_sitenote_note":"","_monsterinsights_sitenote_category":0},"categories":[6,30260,30259],"tags":[39218,1430,1735,35408],"aioseo_notices":[],"_links":{"self":[{"href":"https:\/\/mspontocom.com.br\/site\/wp-json\/wp\/v2\/posts\/179201"}],"collection":[{"href":"https:\/\/mspontocom.com.br\/site\/wp-json\/wp\/v2\/posts"}],"about":[{"href":"https:\/\/mspontocom.com.br\/site\/wp-json\/wp\/v2\/types\/post"}],"author":[{"embeddable":true,"href":"https:\/\/mspontocom.com.br\/site\/wp-json\/wp\/v2\/users\/2"}],"replies":[{"embeddable":true,"href":"https:\/\/mspontocom.com.br\/site\/wp-json\/wp\/v2\/comments?post=179201"}],"version-history":[{"count":2,"href":"https:\/\/mspontocom.com.br\/site\/wp-json\/wp\/v2\/posts\/179201\/revisions"}],"predecessor-version":[{"id":179210,"href":"https:\/\/mspontocom.com.br\/site\/wp-json\/wp\/v2\/posts\/179201\/revisions\/179210"}],"wp:featuredmedia":[{"embeddable":true,"href":"https:\/\/mspontocom.com.br\/site\/wp-json\/wp\/v2\/media\/179209"}],"wp:attachment":[{"href":"https:\/\/mspontocom.com.br\/site\/wp-json\/wp\/v2\/media?parent=179201"}],"wp:term":[{"taxonomy":"category","embeddable":true,"href":"https:\/\/mspontocom.com.br\/site\/wp-json\/wp\/v2\/categories?post=179201"},{"taxonomy":"post_tag","embeddable":true,"href":"https:\/\/mspontocom.com.br\/site\/wp-json\/wp\/v2\/tags?post=179201"}],"curies":[{"name":"wp","href":"https:\/\/api.w.org\/{rel}","templated":true}]}}