{"id":179329,"date":"2023-03-03T13:19:52","date_gmt":"2023-03-03T17:19:52","guid":{"rendered":"https:\/\/mspontocom.com.br\/site\/?p=179329"},"modified":"2023-03-03T13:17:21","modified_gmt":"2023-03-03T17:17:21","slug":"moraes-vai-mandar-para-a-papuda-os-mst-que-invadiram-terras-da-suzano","status":"publish","type":"post","link":"https:\/\/mspontocom.com.br\/site\/moraes-vai-mandar-para-a-papuda-os-mst-que-invadiram-terras-da-suzano\/","title":{"rendered":"Moraes vai mandar para a Papuda os MST que invadiram terras da Suzano?"},"content":{"rendered":"<p style=\"text-align: justify;\"><img loading=\"lazy\" class=\"alignnone size-medium wp-image-179335\" src=\"https:\/\/mspontocom.com.br\/site\/wp-content\/uploads\/2023\/03\/site-moraes-vai-mandar-para-ale-260x173.jpg\" alt=\"\" width=\"260\" height=\"173\" srcset=\"https:\/\/mspontocom.com.br\/site\/wp-content\/uploads\/2023\/03\/site-moraes-vai-mandar-para-ale-260x173.jpg 260w, https:\/\/mspontocom.com.br\/site\/wp-content\/uploads\/2023\/03\/site-moraes-vai-mandar-para-ale.jpg 768w\" sizes=\"(max-width: 260px) 100vw, 260px\" \/><\/p>\n<p style=\"text-align: justify;\">Na segunda-feira 27, quase 1,6 mil sem-terra invadiram tr\u00eas fazendas produtivas da Suzano Celulose<b>.<\/b><\/p>\n<p style=\"text-align: justify;\">Entidades do <strong>agroneg\u00f3cio<\/strong> subiram o tom e criticaram as recentes invas\u00f5es de fazendas produtivas pelo Movimento dos Trabalhadores Rurais Sem Terra (MST).<\/p>\n<p style=\"text-align: justify;\">Uma decis\u00e3o do Tribunal de Justi\u00e7a da Bahia determinou empresa Suzano poder\u00e1 iniciar um processo de reintegra\u00e7\u00e3o de uma fazenda de eucalipto ocupada pelo<strong> MST<\/strong> no munic\u00edpio de Mucuri.<\/p>\n<p style=\"text-align: justify;\">Pedimos simetria nas decis\u00f5es da Justi\u00e7a brasileira.<\/p>\n<p style=\"text-align: justify;\">Ent\u00e3o, n\u00e3o seria o caso do supremo <strong>Alexandre de Moraes<\/strong> mandar para o pres\u00eddio da Papuda os invasores de terra, a exemplo dos manifestantes de 8 de janeiro?<\/p>\n<p style=\"text-align: justify;\">Veja mais not\u00edcias em\u00a0<a href=\"http:\/\/www.mspontocom.com.br\/\">www.mspontocom.com.br<\/a><\/p>\n","protected":false},"excerpt":{"rendered":"<p>Na segunda-feira 27, quase 1,6 mil sem-terra invadiram tr\u00eas fazendas produtivas da Suzano Celulose. Entidades do agroneg\u00f3cio subiram o tom e criticaram as recentes invas\u00f5es de fazendas produtivas pelo Movimento dos Trabalhadores Rurais Sem Terra (MST). Uma decis\u00e3o do Tribunal de Justi\u00e7a da Bahia determinou empresa Suzano poder\u00e1 iniciar um processo de reintegra\u00e7\u00e3o de uma [&hellip;]<\/p>\n","protected":false},"author":2,"featured_media":179335,"comment_status":"open","ping_status":"open","sticky":false,"template":"","format":"standard","meta":{"_monsterinsights_skip_tracking":false,"_monsterinsights_sitenote_active":false,"_monsterinsights_sitenote_note":"","_monsterinsights_sitenote_category":0},"categories":[6,30260,2528,30259],"tags":[39051,39240,35247,9830,29265,16875],"aioseo_notices":[],"_links":{"self":[{"href":"https:\/\/mspontocom.com.br\/site\/wp-json\/wp\/v2\/posts\/179329"}],"collection":[{"href":"https:\/\/mspontocom.com.br\/site\/wp-json\/wp\/v2\/posts"}],"about":[{"href":"https:\/\/mspontocom.com.br\/site\/wp-json\/wp\/v2\/types\/post"}],"author":[{"embeddable":true,"href":"https:\/\/mspontocom.com.br\/site\/wp-json\/wp\/v2\/users\/2"}],"replies":[{"embeddable":true,"href":"https:\/\/mspontocom.com.br\/site\/wp-json\/wp\/v2\/comments?post=179329"}],"version-history":[{"count":2,"href":"https:\/\/mspontocom.com.br\/site\/wp-json\/wp\/v2\/posts\/179329\/revisions"}],"predecessor-version":[{"id":179336,"href":"https:\/\/mspontocom.com.br\/site\/wp-json\/wp\/v2\/posts\/179329\/revisions\/179336"}],"wp:featuredmedia":[{"embeddable":true,"href":"https:\/\/mspontocom.com.br\/site\/wp-json\/wp\/v2\/media\/179335"}],"wp:attachment":[{"href":"https:\/\/mspontocom.com.br\/site\/wp-json\/wp\/v2\/media?parent=179329"}],"wp:term":[{"taxonomy":"category","embeddable":true,"href":"https:\/\/mspontocom.com.br\/site\/wp-json\/wp\/v2\/categories?post=179329"},{"taxonomy":"post_tag","embeddable":true,"href":"https:\/\/mspontocom.com.br\/site\/wp-json\/wp\/v2\/tags?post=179329"}],"curies":[{"name":"wp","href":"https:\/\/api.w.org\/{rel}","templated":true}]}}