{"id":179331,"date":"2023-03-03T08:03:19","date_gmt":"2023-03-03T12:03:19","guid":{"rendered":"https:\/\/mspontocom.com.br\/site\/?p=179331"},"modified":"2023-03-03T08:03:19","modified_gmt":"2023-03-03T12:03:19","slug":"ministro-acumula-acusacoes-de-corrupcao-lula-se-finge-de-morto","status":"publish","type":"post","link":"https:\/\/mspontocom.com.br\/site\/ministro-acumula-acusacoes-de-corrupcao-lula-se-finge-de-morto\/","title":{"rendered":"Ministro acumula acusa\u00e7\u00f5es de corrup\u00e7\u00e3o, Lula se finge de morto"},"content":{"rendered":"<p style=\"text-align: justify;\"><img loading=\"lazy\" class=\"alignnone size-medium wp-image-179337\" src=\"https:\/\/mspontocom.com.br\/site\/wp-content\/uploads\/2023\/03\/site-ministro-acumula-acusacoes-de-corrupcao-lula-se-finge-de-morto-juscelino-filho-uniao-brasil-como-ministro-das-comunicacoes-1677785232425-v2-900x506-1-e1677844775664-260x137.jpg\" alt=\"\" width=\"260\" height=\"137\" srcset=\"https:\/\/mspontocom.com.br\/site\/wp-content\/uploads\/2023\/03\/site-ministro-acumula-acusacoes-de-corrupcao-lula-se-finge-de-morto-juscelino-filho-uniao-brasil-como-ministro-das-comunicacoes-1677785232425-v2-900x506-1-e1677844775664-260x137.jpg 260w, https:\/\/mspontocom.com.br\/site\/wp-content\/uploads\/2023\/03\/site-ministro-acumula-acusacoes-de-corrupcao-lula-se-finge-de-morto-juscelino-filho-uniao-brasil-como-ministro-das-comunicacoes-1677785232425-v2-900x506-1-e1677844775664-768x404.jpg 768w, https:\/\/mspontocom.com.br\/site\/wp-content\/uploads\/2023\/03\/site-ministro-acumula-acusacoes-de-corrupcao-lula-se-finge-de-morto-juscelino-filho-uniao-brasil-como-ministro-das-comunicacoes-1677785232425-v2-900x506-1-e1677844775664.jpg 900w\" sizes=\"(max-width: 260px) 100vw, 260px\" \/><\/p>\n<p style=\"text-align: justify;\">O presidente Lula se finge de morto diante das den\u00fancias graves contra seu ministro das Comunica\u00e7\u00f5es, Juscelino Filho, do Maranh\u00e3o de Fl\u00e1vio Dino (Justi\u00e7a).<\/p>\n<p style=\"text-align: justify;\">Chamado na oposi\u00e7\u00e3o de \u201cChave de Cadeia\u201d, j\u00e1 foi denunciado por crimes como desvio de verba p\u00fablica, abuso de poder, uso irregular de jato da FAB e agora responder\u00e1 na Procuradoria Geral da Rep\u00fablica por tr\u00e1fico de influ\u00eancia.<\/p>\n<p style=\"text-align: justify;\">Lula prometeu na campanha que den\u00fancias assim seriam investigadas com rigor e sem demora. Anr\u00e3.<\/p>\n<div class=\"notas\">\n<div id=\"Nota-2\" class=\"entry-block ch-nota Nota-2\" style=\"text-align: justify;\">\n<h3>Carteirada suspeita<\/h3>\n<\/div>\n<p style=\"text-align: justify;\">Den\u00fancia \u00e0 PGR diz que o ministro Juscelino Filho esteve pessoalmente na Codevasf para traficar influ\u00eancia em favor da empreiteira Engefort.<\/p>\n<div id=\"Nota-3\" class=\"entry-block ch-nota Nota-3\" style=\"text-align: justify;\">\n<h3>Vias da vergonha<\/h3>\n<\/div>\n<p style=\"text-align: justify;\">As acusa\u00e7\u00f5es come\u00e7am com a destina\u00e7\u00e3o de dinheiro p\u00fablico para pavimentar estrada que beneficiou propriedade da fam\u00edlia do ministro.<\/p>\n<div id=\"Nota-4\" class=\"entry-block ch-nota Nota-4\" style=\"text-align: justify;\">\n<h3>Voos fantasmas<\/h3>\n<\/div>\n<p style=\"text-align: justify;\">Juscelino Filho tamb\u00e9m foi acusado de presta\u00e7\u00e3o de contas fajutas de dinheiro do Fundo Eleitoral em supostos alugu\u00e9is de helic\u00f3ptero.<\/p>\n<div id=\"Nota-5\" class=\"entry-block ch-nota Nota-5\" style=\"text-align: justify;\">\n<h3>Boi na linha<\/h3>\n<\/div>\n<p style=\"text-align: justify;\">O ministro foi flagrado usando avi\u00e3o da FAB para comparecer a evento privado: uma exposi\u00e7\u00e3o de gado no interior de Minas.<\/p>\n<p style=\"text-align: justify;\">Fonte: Coluna Claudio Humberto, Di\u00e1rio do Poder<\/p>\n<p style=\"text-align: justify;\">Veja mais not\u00edcias em\u00a0<a href=\"http:\/\/www.mspontocom.com.br\/\">www.mspontocom.com.br<\/a><\/p>\n<\/div>\n","protected":false},"excerpt":{"rendered":"<p>O presidente Lula se finge de morto diante das den\u00fancias graves contra seu ministro das Comunica\u00e7\u00f5es, Juscelino Filho, do Maranh\u00e3o de Fl\u00e1vio Dino (Justi\u00e7a). Chamado na oposi\u00e7\u00e3o de \u201cChave de Cadeia\u201d, j\u00e1 foi denunciado por crimes como desvio de verba p\u00fablica, abuso de poder, uso irregular de jato da FAB e agora responder\u00e1 na Procuradoria [&hellip;]<\/p>\n","protected":false},"author":2,"featured_media":179337,"comment_status":"open","ping_status":"open","sticky":false,"template":"","format":"standard","meta":{"_monsterinsights_skip_tracking":false,"_monsterinsights_sitenote_active":false,"_monsterinsights_sitenote_note":"","_monsterinsights_sitenote_category":0},"categories":[6,30260,30259],"tags":[39242,327,39241,480,259],"aioseo_notices":[],"_links":{"self":[{"href":"https:\/\/mspontocom.com.br\/site\/wp-json\/wp\/v2\/posts\/179331"}],"collection":[{"href":"https:\/\/mspontocom.com.br\/site\/wp-json\/wp\/v2\/posts"}],"about":[{"href":"https:\/\/mspontocom.com.br\/site\/wp-json\/wp\/v2\/types\/post"}],"author":[{"embeddable":true,"href":"https:\/\/mspontocom.com.br\/site\/wp-json\/wp\/v2\/users\/2"}],"replies":[{"embeddable":true,"href":"https:\/\/mspontocom.com.br\/site\/wp-json\/wp\/v2\/comments?post=179331"}],"version-history":[{"count":2,"href":"https:\/\/mspontocom.com.br\/site\/wp-json\/wp\/v2\/posts\/179331\/revisions"}],"predecessor-version":[{"id":179338,"href":"https:\/\/mspontocom.com.br\/site\/wp-json\/wp\/v2\/posts\/179331\/revisions\/179338"}],"wp:featuredmedia":[{"embeddable":true,"href":"https:\/\/mspontocom.com.br\/site\/wp-json\/wp\/v2\/media\/179337"}],"wp:attachment":[{"href":"https:\/\/mspontocom.com.br\/site\/wp-json\/wp\/v2\/media?parent=179331"}],"wp:term":[{"taxonomy":"category","embeddable":true,"href":"https:\/\/mspontocom.com.br\/site\/wp-json\/wp\/v2\/categories?post=179331"},{"taxonomy":"post_tag","embeddable":true,"href":"https:\/\/mspontocom.com.br\/site\/wp-json\/wp\/v2\/tags?post=179331"}],"curies":[{"name":"wp","href":"https:\/\/api.w.org\/{rel}","templated":true}]}}