{"id":179427,"date":"2023-03-07T05:37:52","date_gmt":"2023-03-07T09:37:52","guid":{"rendered":"https:\/\/mspontocom.com.br\/site\/?p=179427"},"modified":"2023-03-07T06:08:27","modified_gmt":"2023-03-07T10:08:27","slug":"cnn-censurou-origem-chinesa-da-covid-para-nao-encher-a-bola-de-trump","status":"publish","type":"post","link":"https:\/\/mspontocom.com.br\/site\/cnn-censurou-origem-chinesa-da-covid-para-nao-encher-a-bola-de-trump\/","title":{"rendered":"CNN censurou origem chinesa da covid para n\u00e3o \u2018encher a bola\u2019 de Trump"},"content":{"rendered":"<p><img loading=\"lazy\" class=\"alignnone size-full wp-image-179428\" src=\"https:\/\/mspontocom.com.br\/site\/wp-content\/uploads\/2023\/03\/site-cnn-censurou-origem-chinesa-da-covid-para-nao-encher-a-bola-de-trump-cnn.jpg\" alt=\"\" width=\"640\" height=\"480\" srcset=\"https:\/\/mspontocom.com.br\/site\/wp-content\/uploads\/2023\/03\/site-cnn-censurou-origem-chinesa-da-covid-para-nao-encher-a-bola-de-trump-cnn.jpg 640w, https:\/\/mspontocom.com.br\/site\/wp-content\/uploads\/2023\/03\/site-cnn-censurou-origem-chinesa-da-covid-para-nao-encher-a-bola-de-trump-cnn-260x195.jpg 260w\" sizes=\"(max-width: 640px) 100vw, 640px\" \/><\/p>\n<p>A imprensa nos EUA agora diz que teoria de que a covid escapou de um laborat\u00f3rio chin\u00eas foi censurada da CNN por ordem do ex-presidente do canal para n\u00e3o confirmar a \u201cbandeira\u201d do ex-presidente Donald Trump.<\/p>\n<p>J\u00e1 em 2020, o ent\u00e3o\u00a0 presidente dos<strong> Estados Unidos,<\/strong> chamou a covid-19\u00a0de <strong>&#8220;v\u00edrus chin\u00eas&#8221;<\/strong> e &#8220;praga&#8221; durante o seu discurso na Assembleia-Geral das Na\u00e7\u00f5es Unidas.<\/p>\n<p>&nbsp;<\/p>\n<p>Fonte: Coluna Claudio Humberto<\/p>\n<p>Veja mais not\u00edcias em\u00a0<a href=\"http:\/\/www.mspontocom.com.br\/\">www.mspontocom.com.br<\/a><\/p>\n","protected":false},"excerpt":{"rendered":"<p>A imprensa nos EUA agora diz que teoria de que a covid escapou de um laborat\u00f3rio chin\u00eas foi censurada da CNN por ordem do ex-presidente do canal para n\u00e3o confirmar a \u201cbandeira\u201d do ex-presidente Donald Trump. J\u00e1 em 2020, o ent\u00e3o\u00a0 presidente dos Estados Unidos, chamou a covid-19\u00a0de &#8220;v\u00edrus chin\u00eas&#8221; e &#8220;praga&#8221; durante o seu [&hellip;]<\/p>\n","protected":false},"author":2,"featured_media":179428,"comment_status":"open","ping_status":"open","sticky":false,"template":"","format":"standard","meta":{"_monsterinsights_skip_tracking":false,"_monsterinsights_sitenote_active":false,"_monsterinsights_sitenote_note":"","_monsterinsights_sitenote_category":0},"categories":[7,30259],"tags":[7907,17592,35104,28326,39264],"aioseo_notices":[],"_links":{"self":[{"href":"https:\/\/mspontocom.com.br\/site\/wp-json\/wp\/v2\/posts\/179427"}],"collection":[{"href":"https:\/\/mspontocom.com.br\/site\/wp-json\/wp\/v2\/posts"}],"about":[{"href":"https:\/\/mspontocom.com.br\/site\/wp-json\/wp\/v2\/types\/post"}],"author":[{"embeddable":true,"href":"https:\/\/mspontocom.com.br\/site\/wp-json\/wp\/v2\/users\/2"}],"replies":[{"embeddable":true,"href":"https:\/\/mspontocom.com.br\/site\/wp-json\/wp\/v2\/comments?post=179427"}],"version-history":[{"count":1,"href":"https:\/\/mspontocom.com.br\/site\/wp-json\/wp\/v2\/posts\/179427\/revisions"}],"predecessor-version":[{"id":179429,"href":"https:\/\/mspontocom.com.br\/site\/wp-json\/wp\/v2\/posts\/179427\/revisions\/179429"}],"wp:featuredmedia":[{"embeddable":true,"href":"https:\/\/mspontocom.com.br\/site\/wp-json\/wp\/v2\/media\/179428"}],"wp:attachment":[{"href":"https:\/\/mspontocom.com.br\/site\/wp-json\/wp\/v2\/media?parent=179427"}],"wp:term":[{"taxonomy":"category","embeddable":true,"href":"https:\/\/mspontocom.com.br\/site\/wp-json\/wp\/v2\/categories?post=179427"},{"taxonomy":"post_tag","embeddable":true,"href":"https:\/\/mspontocom.com.br\/site\/wp-json\/wp\/v2\/tags?post=179427"}],"curies":[{"name":"wp","href":"https:\/\/api.w.org\/{rel}","templated":true}]}}