{"id":179676,"date":"2023-03-14T06:31:44","date_gmt":"2023-03-14T10:31:44","guid":{"rendered":"https:\/\/mspontocom.com.br\/site\/?p=179676"},"modified":"2023-03-14T06:34:33","modified_gmt":"2023-03-14T10:34:33","slug":"ignorante-morae-direita-usa-redes-sociais-para-manipular-pessoas","status":"publish","type":"post","link":"https:\/\/mspontocom.com.br\/site\/ignorante-morae-direita-usa-redes-sociais-para-manipular-pessoas\/","title":{"rendered":"Ignorante, Moraes diz que direita usa redes sociais para manipular pessoas"},"content":{"rendered":"<p style=\"text-align: justify;\"><img loading=\"lazy\" class=\"alignnone size-full wp-image-179682\" src=\"https:\/\/mspontocom.com.br\/site\/wp-content\/uploads\/2023\/03\/site-extrema-direita-usa-redes-sociais-para-manipular-pessoas-diz-moraes-ale.jpg\" alt=\"\" width=\"768\" height=\"512\" srcset=\"https:\/\/mspontocom.com.br\/site\/wp-content\/uploads\/2023\/03\/site-extrema-direita-usa-redes-sociais-para-manipular-pessoas-diz-moraes-ale.jpg 768w, https:\/\/mspontocom.com.br\/site\/wp-content\/uploads\/2023\/03\/site-extrema-direita-usa-redes-sociais-para-manipular-pessoas-diz-moraes-ale-260x173.jpg 260w\" sizes=\"(max-width: 768px) 100vw, 768px\" \/><\/p>\n<p style=\"text-align: justify;\">O ministro Alexandre de Moraes, do STF continua equivocado.<\/p>\n<p style=\"text-align: justify;\">Moraes disse que a extrema-direita do mundo todo passou a utilizar as redes sociais para manipular informa\u00e7\u00f5es e \u201cinstrumentalizar\u201d usu\u00e1rios.<\/p>\n<p style=\"text-align: justify;\">\u201cUma extrema-direita radical\u00edssima percebeu, de forma extremamente competente, que era poss\u00edvel manipular informa\u00e7\u00f5es e, principalmente, os \u00f3dios internos, revoltas e traumas de diversos segmentos da sociedade; juntar essas pessoas socialmente e, a partir disso, instrumentaliz\u00e1-las\u201d, afirmou o ministro.<\/p>\n<p style=\"text-align: justify;\"><span style=\"font-size: 14pt;\"><strong>Quem manipula redes \u00e9 a esquerda<\/strong><\/span><\/p>\n<p style=\"text-align: justify;\">O deputado Orlando Silva (SP), relator do mal-intencionado projeto de<strong> \u201cregulamenta\u00e7\u00e3o\u201d das redes sociais,<\/strong> de forte odor autorit\u00e1rio, tem a vida dedicada ao PCdoB, partido que defende \u201cprinc\u00edpios\u201d de Josef Stalin, o mais cruel ditador da Hist\u00f3ria, vers\u00e3o esquerdista do alem\u00e3o Adolf Hitler.<\/p>\n<p style=\"text-align: justify;\">Certamente n\u00e3o por coincid\u00eancia, outro entusiasta do projeto, ministro Fl\u00e1vio Dino (Justi\u00e7a), militou no mesmo PCdoB durante muitos anos. Hoje \u00e9 filiado ao PS.<\/p>\n<p style=\"text-align: justify;\">Veja mais not\u00edcias em\u00a0<a href=\"http:\/\/www.mspontocom.com.br\/\">www.mspontocom.com.br<\/a><\/p>\n","protected":false},"excerpt":{"rendered":"<p>O ministro Alexandre de Moraes, do STF continua equivocado. Moraes disse que a extrema-direita do mundo todo passou a utilizar as redes sociais para manipular informa\u00e7\u00f5es e \u201cinstrumentalizar\u201d usu\u00e1rios. \u201cUma extrema-direita radical\u00edssima percebeu, de forma extremamente competente, que era poss\u00edvel manipular informa\u00e7\u00f5es e, principalmente, os \u00f3dios internos, revoltas e traumas de diversos segmentos da sociedade; [&hellip;]<\/p>\n","protected":false},"author":2,"featured_media":179682,"comment_status":"open","ping_status":"open","sticky":false,"template":"","format":"standard","meta":{"_monsterinsights_skip_tracking":false,"_monsterinsights_sitenote_active":false,"_monsterinsights_sitenote_note":"","_monsterinsights_sitenote_category":0},"categories":[6,30260,30259],"tags":[32323,39301,39302,35247,2443],"aioseo_notices":[],"_links":{"self":[{"href":"https:\/\/mspontocom.com.br\/site\/wp-json\/wp\/v2\/posts\/179676"}],"collection":[{"href":"https:\/\/mspontocom.com.br\/site\/wp-json\/wp\/v2\/posts"}],"about":[{"href":"https:\/\/mspontocom.com.br\/site\/wp-json\/wp\/v2\/types\/post"}],"author":[{"embeddable":true,"href":"https:\/\/mspontocom.com.br\/site\/wp-json\/wp\/v2\/users\/2"}],"replies":[{"embeddable":true,"href":"https:\/\/mspontocom.com.br\/site\/wp-json\/wp\/v2\/comments?post=179676"}],"version-history":[{"count":3,"href":"https:\/\/mspontocom.com.br\/site\/wp-json\/wp\/v2\/posts\/179676\/revisions"}],"predecessor-version":[{"id":179684,"href":"https:\/\/mspontocom.com.br\/site\/wp-json\/wp\/v2\/posts\/179676\/revisions\/179684"}],"wp:featuredmedia":[{"embeddable":true,"href":"https:\/\/mspontocom.com.br\/site\/wp-json\/wp\/v2\/media\/179682"}],"wp:attachment":[{"href":"https:\/\/mspontocom.com.br\/site\/wp-json\/wp\/v2\/media?parent=179676"}],"wp:term":[{"taxonomy":"category","embeddable":true,"href":"https:\/\/mspontocom.com.br\/site\/wp-json\/wp\/v2\/categories?post=179676"},{"taxonomy":"post_tag","embeddable":true,"href":"https:\/\/mspontocom.com.br\/site\/wp-json\/wp\/v2\/tags?post=179676"}],"curies":[{"name":"wp","href":"https:\/\/api.w.org\/{rel}","templated":true}]}}