{"id":179755,"date":"2023-03-15T06:00:02","date_gmt":"2023-03-15T10:00:02","guid":{"rendered":"https:\/\/mspontocom.com.br\/site\/?p=179755"},"modified":"2023-03-15T06:00:02","modified_gmt":"2023-03-15T10:00:02","slug":"apos-convite-de-lula-pacheco-diz-que-cpi-do-8-de-janeiro-nao-pode-ser-instalada","status":"publish","type":"post","link":"https:\/\/mspontocom.com.br\/site\/apos-convite-de-lula-pacheco-diz-que-cpi-do-8-de-janeiro-nao-pode-ser-instalada\/","title":{"rendered":"Ap\u00f3s convite de Lula, Pacheco diz que CPI do 8 de janeiro n\u00e3o pode ser instalada"},"content":{"rendered":"<p style=\"text-align: justify;\"><img loading=\"lazy\" class=\"alignnone size-full wp-image-179759\" src=\"https:\/\/mspontocom.com.br\/site\/wp-content\/uploads\/2023\/03\/site-apos-convite-de-lula-pacheco-diz-que-cpi-do-8-de-janeiro-nao-pode-ser-instalada-lula-e-pacheco.webp\" alt=\"\" width=\"1024\" height=\"682\" srcset=\"https:\/\/mspontocom.com.br\/site\/wp-content\/uploads\/2023\/03\/site-apos-convite-de-lula-pacheco-diz-que-cpi-do-8-de-janeiro-nao-pode-ser-instalada-lula-e-pacheco.webp 1024w, https:\/\/mspontocom.com.br\/site\/wp-content\/uploads\/2023\/03\/site-apos-convite-de-lula-pacheco-diz-que-cpi-do-8-de-janeiro-nao-pode-ser-instalada-lula-e-pacheco-260x173.webp 260w, https:\/\/mspontocom.com.br\/site\/wp-content\/uploads\/2023\/03\/site-apos-convite-de-lula-pacheco-diz-que-cpi-do-8-de-janeiro-nao-pode-ser-instalada-lula-e-pacheco-768x512.webp 768w\" sizes=\"(max-width: 1024px) 100vw, 1024px\" \/><\/p>\n<p style=\"text-align: justify;\">O presidente do Senado Federal, senador Rodrigo Pacheco, enviou uma peti\u00e7\u00e3o ao STF, em que afirma <strong>n\u00e3o ser poss\u00edvel instalar a CPI<\/strong> que pretende investigar as invas\u00f5es realizadas em 8 de janeiro em Bras\u00edlia.<\/p>\n<p style=\"text-align: justify;\">O documento diz que a CPI deve ser indeferida j\u00e1 que as assinaturas colhidas foram realizadas na legislatura anterior.<\/p>\n<p style=\"text-align: justify;\"><strong>Pacheco adotou o discurso ap\u00f3s encontro com Lula que inclusive o \u00a0convidou\u00a0 para acompanh\u00e1-lo em sua viagem \u00e0 China.<\/strong><\/p>\n<p style=\"text-align: justify;\">A senadora Soraya Thronicke entretanto rebateu Rodrigo Pacheco.<\/p>\n<p style=\"text-align: justify;\">Em nota, a parlamentar afirmou que a resposta de Pacheco ao questionamento do ministro do Gilmar Mendes, do STF,\u00a0<em>\u201cn\u00e3o se aplica ao caso concreto, uma vez que se refere \u00e0 hip\u00f3tese de CPIs em funcionamento.\u201d\u00a0<\/em><\/p>\n<p style=\"text-align: justify;\">Soraya Thronicke afirmou que entregar\u00e1 uma nova manifesta\u00e7\u00e3o ao ministro do STF para afastar as alega\u00e7\u00f5es do presidente do Senado.<\/p>\n<p style=\"text-align: justify;\">Veja mais not\u00edcias em\u00a0<a href=\"http:\/\/www.mspontocom.com.br\/\">www.mspontocom.com.br<\/a><\/p>\n","protected":false},"excerpt":{"rendered":"<p>O presidente do Senado Federal, senador Rodrigo Pacheco, enviou uma peti\u00e7\u00e3o ao STF, em que afirma n\u00e3o ser poss\u00edvel instalar a CPI que pretende investigar as invas\u00f5es realizadas em 8 de janeiro em Bras\u00edlia. O documento diz que a CPI deve ser indeferida j\u00e1 que as assinaturas colhidas foram realizadas na legislatura anterior. Pacheco adotou [&hellip;]<\/p>\n","protected":false},"author":2,"featured_media":179759,"comment_status":"open","ping_status":"open","sticky":false,"template":"","format":"standard","meta":{"_monsterinsights_skip_tracking":false,"_monsterinsights_sitenote_active":false,"_monsterinsights_sitenote_note":"","_monsterinsights_sitenote_category":0},"categories":[6,30260,30259],"tags":[39305,480,39085],"aioseo_notices":[],"_links":{"self":[{"href":"https:\/\/mspontocom.com.br\/site\/wp-json\/wp\/v2\/posts\/179755"}],"collection":[{"href":"https:\/\/mspontocom.com.br\/site\/wp-json\/wp\/v2\/posts"}],"about":[{"href":"https:\/\/mspontocom.com.br\/site\/wp-json\/wp\/v2\/types\/post"}],"author":[{"embeddable":true,"href":"https:\/\/mspontocom.com.br\/site\/wp-json\/wp\/v2\/users\/2"}],"replies":[{"embeddable":true,"href":"https:\/\/mspontocom.com.br\/site\/wp-json\/wp\/v2\/comments?post=179755"}],"version-history":[{"count":2,"href":"https:\/\/mspontocom.com.br\/site\/wp-json\/wp\/v2\/posts\/179755\/revisions"}],"predecessor-version":[{"id":179760,"href":"https:\/\/mspontocom.com.br\/site\/wp-json\/wp\/v2\/posts\/179755\/revisions\/179760"}],"wp:featuredmedia":[{"embeddable":true,"href":"https:\/\/mspontocom.com.br\/site\/wp-json\/wp\/v2\/media\/179759"}],"wp:attachment":[{"href":"https:\/\/mspontocom.com.br\/site\/wp-json\/wp\/v2\/media?parent=179755"}],"wp:term":[{"taxonomy":"category","embeddable":true,"href":"https:\/\/mspontocom.com.br\/site\/wp-json\/wp\/v2\/categories?post=179755"},{"taxonomy":"post_tag","embeddable":true,"href":"https:\/\/mspontocom.com.br\/site\/wp-json\/wp\/v2\/tags?post=179755"}],"curies":[{"name":"wp","href":"https:\/\/api.w.org\/{rel}","templated":true}]}}