{"id":179967,"date":"2023-03-22T07:32:49","date_gmt":"2023-03-22T11:32:49","guid":{"rendered":"https:\/\/mspontocom.com.br\/site\/?p=179967"},"modified":"2023-03-22T07:32:49","modified_gmt":"2023-03-22T11:32:49","slug":"pacheco-enrola-e-cpmi-do-8-janeiro-pode-ser-judicializada","status":"publish","type":"post","link":"https:\/\/mspontocom.com.br\/site\/pacheco-enrola-e-cpmi-do-8-janeiro-pode-ser-judicializada\/","title":{"rendered":"Pacheco enrola, e CPMI do 8 janeiro pode ser judicializada"},"content":{"rendered":"<p style=\"text-align: justify;\"><img loading=\"lazy\" class=\"alignnone size-full wp-image-179974\" src=\"https:\/\/mspontocom.com.br\/site\/wp-content\/uploads\/2023\/03\/site-pacheco-enrola-e-cpmi-do-8-janeiro-pode-ser-judicializada-rodrigopacheco-8mar2023-848x477-1.webp\" alt=\"\" width=\"848\" height=\"477\" srcset=\"https:\/\/mspontocom.com.br\/site\/wp-content\/uploads\/2023\/03\/site-pacheco-enrola-e-cpmi-do-8-janeiro-pode-ser-judicializada-rodrigopacheco-8mar2023-848x477-1.webp 848w, https:\/\/mspontocom.com.br\/site\/wp-content\/uploads\/2023\/03\/site-pacheco-enrola-e-cpmi-do-8-janeiro-pode-ser-judicializada-rodrigopacheco-8mar2023-848x477-1-260x146.webp 260w, https:\/\/mspontocom.com.br\/site\/wp-content\/uploads\/2023\/03\/site-pacheco-enrola-e-cpmi-do-8-janeiro-pode-ser-judicializada-rodrigopacheco-8mar2023-848x477-1-768x432.webp 768w\" sizes=\"(max-width: 848px) 100vw, 848px\" \/><\/p>\n<p style=\"text-align: justify;\">A CPMI do 8 de janeiro pode ser judicializada na pr\u00f3xima semana, caso os parlamentares da oposi\u00e7\u00e3o n\u00e3o consigam fazer um acordo com o presidente do Senado, <strong>Rodrigo Pacheco<\/strong> (PSD-MG).<\/p>\n<p style=\"text-align: justify;\">Os apoiadores da CPMI desejam fechar a negocia\u00e7\u00e3o com o senador mineiro at\u00e9 a sexta-feira 24.<\/p>\n<p style=\"text-align: justify;\">H\u00e1 quase um m\u00eas, o pedido aguarda a boa vontade de Pacheco para ser instaurado.<\/p>\n<p style=\"text-align: justify;\">De autoria do deputado federal <a href=\"https:\/\/twitter.com\/andrefernm\" target=\"_blank\" rel=\"noopener\"><strong>Andr\u00e9 Fernandes (PL-CE)<\/strong><\/a>, o pedido possui a ades\u00e3o de 193 deputados e 37 senadores.<\/p>\n<p style=\"text-align: justify;\">Enquanto Pacheco n\u00e3o instala a comiss\u00e3o,<strong> o governo do presidente Lula tenta minar a CPMI<\/strong> \u2014 por exemplo, represando a libera\u00e7\u00e3o de emendas parlamentares.<\/p>\n<p style=\"text-align: justify;\">A CPMI quer investigar se houve leni\u00eancia do governo com quem destruiu pr\u00e9dios p\u00fablicos.<\/p>\n<p style=\"text-align: justify;\">Veja mais not\u00edcias em\u00a0<a href=\"http:\/\/www.mspontocom.com.br\/\">www.mspontocom.com.br<\/a><\/p>\n","protected":false},"excerpt":{"rendered":"<p>A CPMI do 8 de janeiro pode ser judicializada na pr\u00f3xima semana, caso os parlamentares da oposi\u00e7\u00e3o n\u00e3o consigam fazer um acordo com o presidente do Senado, Rodrigo Pacheco (PSD-MG). Os apoiadores da CPMI desejam fechar a negocia\u00e7\u00e3o com o senador mineiro at\u00e9 a sexta-feira 24. H\u00e1 quase um m\u00eas, o pedido aguarda a boa [&hellip;]<\/p>\n","protected":false},"author":2,"featured_media":179974,"comment_status":"open","ping_status":"open","sticky":false,"template":"","format":"standard","meta":{"_monsterinsights_skip_tracking":false,"_monsterinsights_sitenote_active":false,"_monsterinsights_sitenote_note":"","_monsterinsights_sitenote_category":0},"categories":[6,30260,2528,30259],"tags":[39309,39349,39350,39085],"aioseo_notices":[],"_links":{"self":[{"href":"https:\/\/mspontocom.com.br\/site\/wp-json\/wp\/v2\/posts\/179967"}],"collection":[{"href":"https:\/\/mspontocom.com.br\/site\/wp-json\/wp\/v2\/posts"}],"about":[{"href":"https:\/\/mspontocom.com.br\/site\/wp-json\/wp\/v2\/types\/post"}],"author":[{"embeddable":true,"href":"https:\/\/mspontocom.com.br\/site\/wp-json\/wp\/v2\/users\/2"}],"replies":[{"embeddable":true,"href":"https:\/\/mspontocom.com.br\/site\/wp-json\/wp\/v2\/comments?post=179967"}],"version-history":[{"count":2,"href":"https:\/\/mspontocom.com.br\/site\/wp-json\/wp\/v2\/posts\/179967\/revisions"}],"predecessor-version":[{"id":179975,"href":"https:\/\/mspontocom.com.br\/site\/wp-json\/wp\/v2\/posts\/179967\/revisions\/179975"}],"wp:featuredmedia":[{"embeddable":true,"href":"https:\/\/mspontocom.com.br\/site\/wp-json\/wp\/v2\/media\/179974"}],"wp:attachment":[{"href":"https:\/\/mspontocom.com.br\/site\/wp-json\/wp\/v2\/media?parent=179967"}],"wp:term":[{"taxonomy":"category","embeddable":true,"href":"https:\/\/mspontocom.com.br\/site\/wp-json\/wp\/v2\/categories?post=179967"},{"taxonomy":"post_tag","embeddable":true,"href":"https:\/\/mspontocom.com.br\/site\/wp-json\/wp\/v2\/tags?post=179967"}],"curies":[{"name":"wp","href":"https:\/\/api.w.org\/{rel}","templated":true}]}}