{"id":180186,"date":"2023-03-30T08:18:28","date_gmt":"2023-03-30T12:18:28","guid":{"rendered":"https:\/\/mspontocom.com.br\/site\/?p=180186"},"modified":"2023-03-30T08:18:28","modified_gmt":"2023-03-30T12:18:28","slug":"fiems-abre-selecao-para-vagas-em-mato-grosso-do-sul","status":"publish","type":"post","link":"https:\/\/mspontocom.com.br\/site\/fiems-abre-selecao-para-vagas-em-mato-grosso-do-sul\/","title":{"rendered":"Fiems abre sele\u00e7\u00e3o para vagas em Mato Grosso do Sul"},"content":{"rendered":"<p style=\"font-weight: 400; text-align: justify;\"><img loading=\"lazy\" class=\"alignnone size-full wp-image-180192\" src=\"https:\/\/mspontocom.com.br\/site\/wp-content\/uploads\/2023\/03\/site-fiems-abre-processo-seletivo-para-vagas-em-mato-grosso-s-empregos-e1680178543559.jpg\" alt=\"\" width=\"694\" height=\"412\" srcset=\"https:\/\/mspontocom.com.br\/site\/wp-content\/uploads\/2023\/03\/site-fiems-abre-processo-seletivo-para-vagas-em-mato-grosso-s-empregos-e1680178543559.jpg 694w, https:\/\/mspontocom.com.br\/site\/wp-content\/uploads\/2023\/03\/site-fiems-abre-processo-seletivo-para-vagas-em-mato-grosso-s-empregos-e1680178543559-260x154.jpg 260w\" sizes=\"(max-width: 694px) 100vw, 694px\" \/><\/p>\n<p style=\"font-weight: 400; text-align: justify;\">O Sistema Fiems est\u00e1 com processos seletivos abertos para a contrata\u00e7\u00e3o de profissionais de diversas \u00e1reas de atua\u00e7\u00e3o.<\/p>\n<p style=\"font-weight: 400; text-align: justify;\">Ao todo, h\u00e1 20 vagas dispon\u00edveis para trabalho nos seguintes munic\u00edpios: Aparecida do Taboado, Bataguassu, Campo Grande, Corumb\u00e1, Dourados, Maracaju, Rio Brilhante e Tr\u00eas Lagoas.<\/p>\n<p style=\"font-weight: 400; text-align: justify;\">Os processos seletivos visam atender as necessidades do Sesi e do Senai.<\/p>\n<p style=\"font-weight: 400; text-align: justify;\">H\u00e1 vagas para o p\u00fablico geral e tamb\u00e9m para pessoas com defici\u00eancia.<\/p>\n<p style=\"font-weight: 400; text-align: justify;\">\u00a0Interessados devem se inscrever exclusivamente pela Internet, pelo site: <a href=\"http:\/\/www.fiems.com.br\/processo-seletivo\" data-saferedirecturl=\"https:\/\/www.google.com\/url?q=http:\/\/www.fiems.com.br\/processo-seletivo&amp;source=gmail&amp;ust=1680256469994000&amp;usg=AOvVaw0c-xqTEczIOGd7xD3A2ibo\">http:\/\/www.fiems.com.br\/processo-seletivo<\/a>.<\/p>\n<p style=\"font-weight: 400;\">\n<p style=\"font-weight: 400;\"><strong>Confira as oportunidades para trabalhar no Sistema Fiems:<\/strong><\/p>\n<table style=\"font-weight: 400;\">\n<tbody>\n<tr>\n<td colspan=\"4\" width=\"566\">Senai<\/td>\n<\/tr>\n<tr>\n<td width=\"149\">Cidades<\/td>\n<td width=\"44\">Vaga<\/td>\n<td width=\"279\">Cargo<\/td>\n<td width=\"94\">Inscri\u00e7\u00e3o<\/td>\n<\/tr>\n<tr>\n<td width=\"149\">Aparecida do Taboado<\/td>\n<td width=\"44\">1<\/td>\n<td width=\"279\">Instrutor(a) Horista (Engenharia El\u00e9trica ou \u00c1reas Afins)<\/p>\n<p>&nbsp;<\/td>\n<td width=\"94\">03\/04\/2023<\/td>\n<\/tr>\n<tr>\n<td width=\"149\">Aparecida do Taboado<\/td>\n<td width=\"44\">1<\/td>\n<td width=\"279\">Instrutor(a) Horista (Engenharia Mec\u00e2nica e\/ou \u00c1reas Afins)<\/td>\n<td width=\"94\">10\/04\/2023<\/td>\n<\/tr>\n<tr>\n<td width=\"149\">Bataguassu<\/td>\n<td width=\"44\">1<\/td>\n<td width=\"279\">Instrutor(a) Horista (Engenharia da Computa\u00e7\u00e3o ou \u00e1reas afins)<\/td>\n<td width=\"94\">10\/04\/2023<\/td>\n<\/tr>\n<tr>\n<td width=\"149\">Corumb\u00e1<\/td>\n<td width=\"44\">1<\/td>\n<td width=\"279\">Analista T\u00e9cnico(a) (Coordena\u00e7\u00e3o Pedag\u00f3gica)<\/td>\n<td width=\"94\">29\/03\/2023<\/td>\n<\/tr>\n<tr>\n<td width=\"149\">Dourados<\/td>\n<td width=\"44\">3<\/td>\n<td width=\"279\">Instrutor(a) T\u00e9cnico Operacional (Automa\u00e7\u00e3o Industrial ou \u00c1reas Afins)<\/td>\n<td width=\"94\">03\/04\/2023<\/td>\n<\/tr>\n<tr>\n<td width=\"149\">Dourados<\/td>\n<td width=\"44\">2<\/td>\n<td width=\"279\">Instrutor(a) T\u00e9cnico Operacional (Eletromec\u00e2nica ou \u00c1reas Afins)<\/td>\n<td width=\"94\">04\/04\/2023<\/td>\n<\/tr>\n<tr>\n<td width=\"149\">Dourados<\/td>\n<td width=\"44\">4<\/td>\n<td width=\"279\">Instrutor(a) T\u00e9cnico Operacional (Mec\u00e2nica ou \u00c1reas Afins)<\/td>\n<td width=\"94\">30\/03\/2023<\/td>\n<\/tr>\n<tr>\n<td width=\"149\">Rio Brilhante<\/td>\n<td width=\"44\">1<\/td>\n<td width=\"279\">Instrutor(a) Horista (Pedagogia)<\/td>\n<td width=\"94\">03\/04\/2023<\/td>\n<\/tr>\n<tr>\n<td width=\"149\">Tr\u00eas Lagoas<\/td>\n<td width=\"44\">1<\/td>\n<td width=\"279\">T\u00e9cnico(a) de Suporte &#8211; PCD (Pessoa com Defici\u00eancia)<\/td>\n<td width=\"94\">30\/03\/2023<\/td>\n<\/tr>\n<tr>\n<td width=\"149\">Tr\u00eas Lagoas<\/td>\n<td width=\"44\">1<\/td>\n<td width=\"279\">T\u00e9cnico(a) de Suporte &#8211; PCD (Pessoa com Defici\u00eancia)<\/td>\n<td width=\"94\">04\/04\/2023<\/td>\n<\/tr>\n<\/tbody>\n<\/table>\n<table style=\"font-weight: 400;\">\n<tbody>\n<tr>\n<td colspan=\"4\" width=\"566\">Sesi<\/td>\n<\/tr>\n<tr>\n<td width=\"149\">Cidades<\/td>\n<td width=\"44\">Vaga<\/td>\n<td width=\"280\">Cargo<\/td>\n<td width=\"94\">Inscri\u00e7\u00e3o<\/td>\n<\/tr>\n<tr>\n<td width=\"149\">Aparecida do Taboado<\/td>\n<td width=\"44\">1<\/td>\n<td width=\"280\">Auxiliar &#8211; PCD (Pessoa com Defici\u00eancia)<\/td>\n<td width=\"94\">10\/04\/2023<\/td>\n<\/tr>\n<tr>\n<td width=\"149\">Campo Grande<\/td>\n<td width=\"44\">1<\/td>\n<td width=\"280\">T\u00e9cnico(a) de Suporte &#8211; PCD (Pessoa com Defici\u00eancia)<\/td>\n<td width=\"94\">03\/04\/2023<\/td>\n<\/tr>\n<tr>\n<td width=\"149\">Maracaju<\/td>\n<td width=\"44\">1<\/td>\n<td width=\"280\">Professor(a) (Pedagogia) (Prazo Determinado de 03 meses)<\/td>\n<td width=\"94\">05\/04\/2023<\/td>\n<\/tr>\n<tr>\n<td width=\"149\">Tr\u00eas Lagoas<\/td>\n<td width=\"44\">1<\/td>\n<td width=\"280\">Professor(a) (Pedagogia) (Prazo Determinado de 04 meses)<\/td>\n<td width=\"94\">29\/03\/2023<\/td>\n<\/tr>\n<\/tbody>\n<\/table>\n<p style=\"font-weight: 400;\">\n","protected":false},"excerpt":{"rendered":"<p>O Sistema Fiems est\u00e1 com processos seletivos abertos para a contrata\u00e7\u00e3o de profissionais de diversas \u00e1reas de atua\u00e7\u00e3o. Ao todo, h\u00e1 20 vagas dispon\u00edveis para trabalho nos seguintes munic\u00edpios: Aparecida do Taboado, Bataguassu, Campo Grande, Corumb\u00e1, Dourados, Maracaju, Rio Brilhante e Tr\u00eas Lagoas. Os processos seletivos visam atender as necessidades do Sesi e do Senai. [&hellip;]<\/p>\n","protected":false},"author":2,"featured_media":180192,"comment_status":"open","ping_status":"open","sticky":false,"template":"","format":"standard","meta":{"_monsterinsights_skip_tracking":false,"_monsterinsights_sitenote_active":false,"_monsterinsights_sitenote_note":"","_monsterinsights_sitenote_category":0},"categories":[28176,1],"tags":[540,2887,3316,347],"aioseo_notices":[],"_links":{"self":[{"href":"https:\/\/mspontocom.com.br\/site\/wp-json\/wp\/v2\/posts\/180186"}],"collection":[{"href":"https:\/\/mspontocom.com.br\/site\/wp-json\/wp\/v2\/posts"}],"about":[{"href":"https:\/\/mspontocom.com.br\/site\/wp-json\/wp\/v2\/types\/post"}],"author":[{"embeddable":true,"href":"https:\/\/mspontocom.com.br\/site\/wp-json\/wp\/v2\/users\/2"}],"replies":[{"embeddable":true,"href":"https:\/\/mspontocom.com.br\/site\/wp-json\/wp\/v2\/comments?post=180186"}],"version-history":[{"count":2,"href":"https:\/\/mspontocom.com.br\/site\/wp-json\/wp\/v2\/posts\/180186\/revisions"}],"predecessor-version":[{"id":180193,"href":"https:\/\/mspontocom.com.br\/site\/wp-json\/wp\/v2\/posts\/180186\/revisions\/180193"}],"wp:featuredmedia":[{"embeddable":true,"href":"https:\/\/mspontocom.com.br\/site\/wp-json\/wp\/v2\/media\/180192"}],"wp:attachment":[{"href":"https:\/\/mspontocom.com.br\/site\/wp-json\/wp\/v2\/media?parent=180186"}],"wp:term":[{"taxonomy":"category","embeddable":true,"href":"https:\/\/mspontocom.com.br\/site\/wp-json\/wp\/v2\/categories?post=180186"},{"taxonomy":"post_tag","embeddable":true,"href":"https:\/\/mspontocom.com.br\/site\/wp-json\/wp\/v2\/tags?post=180186"}],"curies":[{"name":"wp","href":"https:\/\/api.w.org\/{rel}","templated":true}]}}