{"id":180237,"date":"2023-04-01T05:13:51","date_gmt":"2023-04-01T09:13:51","guid":{"rendered":"https:\/\/mspontocom.com.br\/site\/?p=180237"},"modified":"2023-04-01T06:20:15","modified_gmt":"2023-04-01T10:20:15","slug":"senado-desarquiva-projeto-sobre-prisao-apos-condenacao-em-2a-instancia","status":"publish","type":"post","link":"https:\/\/mspontocom.com.br\/site\/senado-desarquiva-projeto-sobre-prisao-apos-condenacao-em-2a-instancia\/","title":{"rendered":"Senado desarquiva projeto sobre pris\u00e3o ap\u00f3s condena\u00e7\u00e3o em 2\u00aa inst\u00e2ncia"},"content":{"rendered":"<p style=\"text-align: justify;\">\u00a0<img loading=\"lazy\" class=\"alignnone size-full wp-image-180239\" src=\"https:\/\/mspontocom.com.br\/site\/wp-content\/uploads\/2023\/04\/site-senado-desarquiva-projeto-sobre-prisao-apos-condenacao-em-2a-instancia-moro-preside.jpg\" alt=\"\" width=\"768\" height=\"512\" srcset=\"https:\/\/mspontocom.com.br\/site\/wp-content\/uploads\/2023\/04\/site-senado-desarquiva-projeto-sobre-prisao-apos-condenacao-em-2a-instancia-moro-preside.jpg 768w, https:\/\/mspontocom.com.br\/site\/wp-content\/uploads\/2023\/04\/site-senado-desarquiva-projeto-sobre-prisao-apos-condenacao-em-2a-instancia-moro-preside-260x173.jpg 260w\" sizes=\"(max-width: 768px) 100vw, 768px\" \/>O Senado Federal aprovou o requerimento de autoria do senador <strong>Sergio Moro<\/strong>\u00a0para o desarquivamento do projeto de lei que trata da pris\u00e3o ap\u00f3s condena\u00e7\u00e3o em segunda inst\u00e2ncia.<\/p>\n<p style=\"text-align: justify;\"><i>\u201cE que, doravante, no futuro, n\u00f3s possamos discutir um momento oportuno para a pauta, mas, neste momento, o desarquivamento eu pediria, porque faz parte, na verdade, de toda essa luta que temos que ter como na\u00e7\u00e3o, como pa\u00eds, essa luta contra a impunidade\u201d.<\/i><\/p>\n<p style=\"text-align: justify;\">Moro ressalta a import\u00e2ncia do retorno da an\u00e1lise do tema com foco no combate \u00e0 impunidade e \u00e0 criminalidade em geral.<\/p>\n<div id=\"ddp-ads-AD-51\" data-google-query-id=\"CMqT3J25iP4CFdwEuQYdx40ODg\">\n<div id=\"google_ads_iframe_\/21727414016\/AD-51_0__container__\" style=\"text-align: justify;\">O PLS 166\/2018 altera no C\u00f3digo de Processo Penal\u00a0 o dispositivo que condiciona o cumprimento da pena de pris\u00e3o ao tr\u00e2nsito em julgado da condena\u00e7\u00e3o, ou seja, esgotamento de todas as possibilidades de recurso.<\/div>\n<\/div>\n","protected":false},"excerpt":{"rendered":"<p>\u00a0O Senado Federal aprovou o requerimento de autoria do senador Sergio Moro\u00a0para o desarquivamento do projeto de lei que trata da pris\u00e3o ap\u00f3s condena\u00e7\u00e3o em segunda inst\u00e2ncia. \u201cE que, doravante, no futuro, n\u00f3s possamos discutir um momento oportuno para a pauta, mas, neste momento, o desarquivamento eu pediria, porque faz parte, na verdade, de toda [&hellip;]<\/p>\n","protected":false},"author":2,"featured_media":180239,"comment_status":"open","ping_status":"open","sticky":false,"template":"","format":"standard","meta":{"_monsterinsights_skip_tracking":false,"_monsterinsights_sitenote_active":false,"_monsterinsights_sitenote_note":"","_monsterinsights_sitenote_category":0},"categories":[30260,2528,30259,12],"tags":[39389,23158,30999,914],"aioseo_notices":[],"_links":{"self":[{"href":"https:\/\/mspontocom.com.br\/site\/wp-json\/wp\/v2\/posts\/180237"}],"collection":[{"href":"https:\/\/mspontocom.com.br\/site\/wp-json\/wp\/v2\/posts"}],"about":[{"href":"https:\/\/mspontocom.com.br\/site\/wp-json\/wp\/v2\/types\/post"}],"author":[{"embeddable":true,"href":"https:\/\/mspontocom.com.br\/site\/wp-json\/wp\/v2\/users\/2"}],"replies":[{"embeddable":true,"href":"https:\/\/mspontocom.com.br\/site\/wp-json\/wp\/v2\/comments?post=180237"}],"version-history":[{"count":1,"href":"https:\/\/mspontocom.com.br\/site\/wp-json\/wp\/v2\/posts\/180237\/revisions"}],"predecessor-version":[{"id":180240,"href":"https:\/\/mspontocom.com.br\/site\/wp-json\/wp\/v2\/posts\/180237\/revisions\/180240"}],"wp:featuredmedia":[{"embeddable":true,"href":"https:\/\/mspontocom.com.br\/site\/wp-json\/wp\/v2\/media\/180239"}],"wp:attachment":[{"href":"https:\/\/mspontocom.com.br\/site\/wp-json\/wp\/v2\/media?parent=180237"}],"wp:term":[{"taxonomy":"category","embeddable":true,"href":"https:\/\/mspontocom.com.br\/site\/wp-json\/wp\/v2\/categories?post=180237"},{"taxonomy":"post_tag","embeddable":true,"href":"https:\/\/mspontocom.com.br\/site\/wp-json\/wp\/v2\/tags?post=180237"}],"curies":[{"name":"wp","href":"https:\/\/api.w.org\/{rel}","templated":true}]}}