{"id":180275,"date":"2023-04-04T05:55:02","date_gmt":"2023-04-04T09:55:02","guid":{"rendered":"https:\/\/mspontocom.com.br\/site\/?p=180275"},"modified":"2023-04-04T05:55:02","modified_gmt":"2023-04-04T09:55:02","slug":"tse-se-prepara-para-condenar-bolsonaro-e-torna-lo-inelegivel","status":"publish","type":"post","link":"https:\/\/mspontocom.com.br\/site\/tse-se-prepara-para-condenar-bolsonaro-e-torna-lo-inelegivel\/","title":{"rendered":"TSE se prepara para condenar Bolsonaro e torn\u00e1-lo ineleg\u00edvel"},"content":{"rendered":"<p style=\"text-align: justify;\"><img loading=\"lazy\" class=\"alignnone size-full wp-image-180286\" src=\"https:\/\/mspontocom.com.br\/site\/wp-content\/uploads\/2023\/04\/site-tse-se-prepara-para-condenar-bolsonaro-e-torna-lo-inelegivel-ale-tse-e1680601991138.jpg\" alt=\"\" width=\"758\" height=\"403\" srcset=\"https:\/\/mspontocom.com.br\/site\/wp-content\/uploads\/2023\/04\/site-tse-se-prepara-para-condenar-bolsonaro-e-torna-lo-inelegivel-ale-tse-e1680601991138.jpg 758w, https:\/\/mspontocom.com.br\/site\/wp-content\/uploads\/2023\/04\/site-tse-se-prepara-para-condenar-bolsonaro-e-torna-lo-inelegivel-ale-tse-e1680601991138-260x138.jpg 260w\" sizes=\"(max-width: 758px) 100vw, 758px\" \/><\/p>\n<p style=\"text-align: justify;\">Mesmo com a aposentadoria do ministro Ricardo Lewandowski, anunciada para o pr\u00f3ximo dia 11, o TSE\u00a0 mant\u00e9m a tend\u00eancia de condenar o ex-presidente<strong> Jair Bolsonaro<\/strong> em processos sobre supostas ilegalidades cometidas nas elei\u00e7\u00f5es do ano passado.<\/p>\n<p style=\"text-align: justify;\">No tribunal, o voto de Lewandowski \u00e9 contabilizado como favor\u00e1vel \u00e0 condena\u00e7\u00e3o de Bolsonaro, o que facilitaria a forma\u00e7\u00e3o de maioria contra o ex-presidente.<\/p>\n<p style=\"text-align: justify;\">Nos bastidores, a expectativa \u00e9 que <strong>Alexandre de Moraes, C\u00e1rmen L\u00facia e Benedito Gon\u00e7alves<\/strong> votem contra Bolsonaro.<\/p>\n<p style=\"text-align: justify;\">Nunes Marques e Raul Ara\u00fajo estariam no time oposto.<\/p>\n<p style=\"text-align: justify;\">A d\u00favida paira sobre os outros dois integrantes do TSE, S\u00e9rgio Banhos e Carlos Horbach, representantes da advocacia.<\/p>\n<p style=\"text-align: justify;\">Caso seja condenado, Bolsonaro se tornar\u00e1 ineleg\u00edvel por 8 anos.<\/p>\n<p>Veja mais not\u00edcias em: <a href=\"http:\/\/www.mspontocom.com.br\/\">www.mspontocom.com.br<\/a><\/p>\n","protected":false},"excerpt":{"rendered":"<p>Mesmo com a aposentadoria do ministro Ricardo Lewandowski, anunciada para o pr\u00f3ximo dia 11, o TSE\u00a0 mant\u00e9m a tend\u00eancia de condenar o ex-presidente Jair Bolsonaro em processos sobre supostas ilegalidades cometidas nas elei\u00e7\u00f5es do ano passado. No tribunal, o voto de Lewandowski \u00e9 contabilizado como favor\u00e1vel \u00e0 condena\u00e7\u00e3o de Bolsonaro, o que facilitaria a forma\u00e7\u00e3o [&hellip;]<\/p>\n","protected":false},"author":2,"featured_media":180286,"comment_status":"open","ping_status":"open","sticky":false,"template":"","format":"standard","meta":{"_monsterinsights_skip_tracking":false,"_monsterinsights_sitenote_active":false,"_monsterinsights_sitenote_note":"","_monsterinsights_sitenote_category":0},"categories":[30260,2528,30259],"tags":[39399,27652,4378],"aioseo_notices":[],"_links":{"self":[{"href":"https:\/\/mspontocom.com.br\/site\/wp-json\/wp\/v2\/posts\/180275"}],"collection":[{"href":"https:\/\/mspontocom.com.br\/site\/wp-json\/wp\/v2\/posts"}],"about":[{"href":"https:\/\/mspontocom.com.br\/site\/wp-json\/wp\/v2\/types\/post"}],"author":[{"embeddable":true,"href":"https:\/\/mspontocom.com.br\/site\/wp-json\/wp\/v2\/users\/2"}],"replies":[{"embeddable":true,"href":"https:\/\/mspontocom.com.br\/site\/wp-json\/wp\/v2\/comments?post=180275"}],"version-history":[{"count":2,"href":"https:\/\/mspontocom.com.br\/site\/wp-json\/wp\/v2\/posts\/180275\/revisions"}],"predecessor-version":[{"id":180287,"href":"https:\/\/mspontocom.com.br\/site\/wp-json\/wp\/v2\/posts\/180275\/revisions\/180287"}],"wp:featuredmedia":[{"embeddable":true,"href":"https:\/\/mspontocom.com.br\/site\/wp-json\/wp\/v2\/media\/180286"}],"wp:attachment":[{"href":"https:\/\/mspontocom.com.br\/site\/wp-json\/wp\/v2\/media?parent=180275"}],"wp:term":[{"taxonomy":"category","embeddable":true,"href":"https:\/\/mspontocom.com.br\/site\/wp-json\/wp\/v2\/categories?post=180275"},{"taxonomy":"post_tag","embeddable":true,"href":"https:\/\/mspontocom.com.br\/site\/wp-json\/wp\/v2\/tags?post=180275"}],"curies":[{"name":"wp","href":"https:\/\/api.w.org\/{rel}","templated":true}]}}