{"id":180399,"date":"2023-04-10T05:44:37","date_gmt":"2023-04-10T09:44:37","guid":{"rendered":"https:\/\/mspontocom.com.br\/site\/?p=180399"},"modified":"2023-04-10T05:44:37","modified_gmt":"2023-04-10T09:44:37","slug":"ato-extremo-diz-marco-aurelio-sobre-inelegibilidade-de-bolsonaro","status":"publish","type":"post","link":"https:\/\/mspontocom.com.br\/site\/ato-extremo-diz-marco-aurelio-sobre-inelegibilidade-de-bolsonaro\/","title":{"rendered":"\u201cAto extremo\u201d, diz Marco Aur\u00e9lio sobre inelegibilidade de Bolsonaro"},"content":{"rendered":"<p style=\"text-align: justify;\"><img loading=\"lazy\" class=\"alignnone size-full wp-image-180400\" src=\"https:\/\/mspontocom.com.br\/site\/wp-content\/uploads\/2023\/04\/site-bolsonaro-bravo.jpg\" alt=\"\" width=\"620\" height=\"380\" srcset=\"https:\/\/mspontocom.com.br\/site\/wp-content\/uploads\/2023\/04\/site-bolsonaro-bravo.jpg 620w, https:\/\/mspontocom.com.br\/site\/wp-content\/uploads\/2023\/04\/site-bolsonaro-bravo-260x159.jpg 260w\" sizes=\"(max-width: 620px) 100vw, 620px\" \/><\/p>\n<p style=\"text-align: justify;\">O ex-ministro do Supremo Tribunal Federal\u00a0<strong>Marco Aur\u00e9lio Mello<\/strong>\u00a0 disse que <strong>Jair Bolsonaro<\/strong> n\u00e3o deveria se tornar ineleg\u00edvel na a\u00e7\u00e3o\u00a0que trata do encontro do ex-presidente com embaixadores estrangeiros.<\/p>\n<p style=\"text-align: justify;\"><em>\u201c<\/em><em>\u00c9 pouco, \u00e9 muito pouco, sob a minha \u00f3tica, para chegar a esseato extremo<strong>,<\/strong> que \u00e9 o ato da inelegibilidade. Ele teve uma reuni\u00e3o com os embaixadores e atuou como presidente da Rep\u00fablica\u00a0utilizando o direito de express\u00e3o\u201d,<\/em>\u00a0afirmou Marco Aur\u00e9lio em entrevista \u00e0 Jovem Pan.<\/p>\n<p style=\"text-align: justify;\">H\u00e1 16 a\u00e7\u00f5es contra Bolsonaro no\u00a0Tribunal Superior Eleitoral<strong>,<\/strong> incluindo uma que trata do encontro que ele teve com embaixadores estrangeiros em julho do ano passado.<\/p>\n<p style=\"text-align: justify;\">Veja mais not\u00edcias em: <a href=\"http:\/\/www.mspontocom.com.br\/\">www.mspontocom.com.br<\/a><\/p>\n","protected":false},"excerpt":{"rendered":"<p>O ex-ministro do Supremo Tribunal Federal\u00a0Marco Aur\u00e9lio Mello\u00a0 disse que Jair Bolsonaro n\u00e3o deveria se tornar ineleg\u00edvel na a\u00e7\u00e3o\u00a0que trata do encontro do ex-presidente com embaixadores estrangeiros. \u201c\u00c9 pouco, \u00e9 muito pouco, sob a minha \u00f3tica, para chegar a esseato extremo, que \u00e9 o ato da inelegibilidade. Ele teve uma reuni\u00e3o com os embaixadores e [&hellip;]<\/p>\n","protected":false},"author":2,"featured_media":180400,"comment_status":"open","ping_status":"open","sticky":false,"template":"","format":"standard","meta":{"_monsterinsights_skip_tracking":false,"_monsterinsights_sitenote_active":false,"_monsterinsights_sitenote_note":"","_monsterinsights_sitenote_category":0},"categories":[6,30260,2528,30259],"tags":[39416,21017,39415,7910,3014],"aioseo_notices":[],"_links":{"self":[{"href":"https:\/\/mspontocom.com.br\/site\/wp-json\/wp\/v2\/posts\/180399"}],"collection":[{"href":"https:\/\/mspontocom.com.br\/site\/wp-json\/wp\/v2\/posts"}],"about":[{"href":"https:\/\/mspontocom.com.br\/site\/wp-json\/wp\/v2\/types\/post"}],"author":[{"embeddable":true,"href":"https:\/\/mspontocom.com.br\/site\/wp-json\/wp\/v2\/users\/2"}],"replies":[{"embeddable":true,"href":"https:\/\/mspontocom.com.br\/site\/wp-json\/wp\/v2\/comments?post=180399"}],"version-history":[{"count":1,"href":"https:\/\/mspontocom.com.br\/site\/wp-json\/wp\/v2\/posts\/180399\/revisions"}],"predecessor-version":[{"id":180401,"href":"https:\/\/mspontocom.com.br\/site\/wp-json\/wp\/v2\/posts\/180399\/revisions\/180401"}],"wp:featuredmedia":[{"embeddable":true,"href":"https:\/\/mspontocom.com.br\/site\/wp-json\/wp\/v2\/media\/180400"}],"wp:attachment":[{"href":"https:\/\/mspontocom.com.br\/site\/wp-json\/wp\/v2\/media?parent=180399"}],"wp:term":[{"taxonomy":"category","embeddable":true,"href":"https:\/\/mspontocom.com.br\/site\/wp-json\/wp\/v2\/categories?post=180399"},{"taxonomy":"post_tag","embeddable":true,"href":"https:\/\/mspontocom.com.br\/site\/wp-json\/wp\/v2\/tags?post=180399"}],"curies":[{"name":"wp","href":"https:\/\/api.w.org\/{rel}","templated":true}]}}