{"id":180569,"date":"2023-04-18T06:06:29","date_gmt":"2023-04-18T10:06:29","guid":{"rendered":"https:\/\/mspontocom.com.br\/site\/?p=180569"},"modified":"2023-04-18T06:06:29","modified_gmt":"2023-04-18T10:06:29","slug":"portugal-nao-quer-lula-no-pais-lugar-de-ladrao-e-na-prisao","status":"publish","type":"post","link":"https:\/\/mspontocom.com.br\/site\/portugal-nao-quer-lula-no-pais-lugar-de-ladrao-e-na-prisao\/","title":{"rendered":"Portugal n\u00e3o quer Lula no pa\u00eds: lugar de ladr\u00e3o \u00e9 na pris\u00e3o"},"content":{"rendered":"<p style=\"text-align: justify;\"><img loading=\"lazy\" class=\"alignnone size-full wp-image-180579\" src=\"https:\/\/mspontocom.com.br\/site\/wp-content\/uploads\/2023\/04\/site-partidos-de-portugal-nao-querem-lula-no-pais-lugar-de-ladrao-e-na-prisao-chega-e1681812192423.webp\" alt=\"\" width=\"710\" height=\"541\" srcset=\"https:\/\/mspontocom.com.br\/site\/wp-content\/uploads\/2023\/04\/site-partidos-de-portugal-nao-querem-lula-no-pais-lugar-de-ladrao-e-na-prisao-chega-e1681812192423.webp 710w, https:\/\/mspontocom.com.br\/site\/wp-content\/uploads\/2023\/04\/site-partidos-de-portugal-nao-querem-lula-no-pais-lugar-de-ladrao-e-na-prisao-chega-e1681812192423-260x198.webp 260w\" sizes=\"(max-width: 710px) 100vw, 710px\" \/><\/p>\n<p style=\"text-align: justify;\">O partido pol\u00edtico portugu\u00eas, Chega!, uma das principais siglas pol\u00edticas de Portugal, se manifestou contra a visita do presidente Lula ao pa\u00eds.<\/p>\n<p style=\"text-align: justify;\">No Instagram, o Chega! divulgou uma postagem dizendo:\u00a0<strong><em>\u201cLugar de Ladr\u00e3o \u00e9 na pris\u00e3o, n\u00e3o queremos Lula da Silva em Portugal\u201d.<\/em><\/strong><\/p>\n<p style=\"text-align: justify;\">O partido convoca no manifesto a popula\u00e7\u00e3o portuguesa para se opor a chegada de Lula e usa ainda na postagem o <strong>#ForaLula. <\/strong><\/p>\n<p style=\"text-align: justify;\">De acordo com o Governo Federal, o presidente deve desembarcar em Portugal no dia 21 de abril e a agenda no territ\u00f3rio deve se estender at\u00e9 o dia 25 deste m\u00eas.<\/p>\n<p style=\"text-align: justify;\"><em>\u201cDia 25 de abril vamos todos \u00e0 Assembleia da Rep\u00fablica (AR) mostrar que n\u00e3o queremos Lula da Silva em Portugal!. A partir das 9H, junte-se a n\u00f3s!\u201d ,\u00a0<\/em>completou a sigla na manifesta\u00e7\u00e3o.<\/p>\n<div id=\"ddp-ads-AD-51\" style=\"text-align: justify;\" data-google-query-id=\"CM3ny_mJs_4CFZEJ1AodlHYHMg\">\n<div id=\"google_ads_iframe_\/21727414016\/AD-51_0__container__\">O l\u00edder do partido Iniciativa Liberal, deputado Rui Rocha, defendeu tamb\u00e9m que \u00e9 contra a visita do presidente ao pa\u00eds.<\/div>\n<\/div>\n<p style=\"text-align: justify;\">\n<p style=\"text-align: justify;\">fonte: Mael Vale, Di\u00e1rio do Poder<\/p>\n<p style=\"text-align: justify;\">Veja mais not\u00edcias em: <a href=\"http:\/\/www.mspontocom.com.br\/\">www.mspontocom.com.br<\/a><\/p>\n","protected":false},"excerpt":{"rendered":"<p>O partido pol\u00edtico portugu\u00eas, Chega!, uma das principais siglas pol\u00edticas de Portugal, se manifestou contra a visita do presidente Lula ao pa\u00eds. No Instagram, o Chega! divulgou uma postagem dizendo:\u00a0\u201cLugar de Ladr\u00e3o \u00e9 na pris\u00e3o, n\u00e3o queremos Lula da Silva em Portugal\u201d. O partido convoca no manifesto a popula\u00e7\u00e3o portuguesa para se opor a chegada [&hellip;]<\/p>\n","protected":false},"author":2,"featured_media":180579,"comment_status":"open","ping_status":"open","sticky":false,"template":"","format":"standard","meta":{"_monsterinsights_skip_tracking":false,"_monsterinsights_sitenote_active":false,"_monsterinsights_sitenote_note":"","_monsterinsights_sitenote_category":0},"categories":[30260,7,30259,12],"tags":[39452,480,339],"aioseo_notices":[],"_links":{"self":[{"href":"https:\/\/mspontocom.com.br\/site\/wp-json\/wp\/v2\/posts\/180569"}],"collection":[{"href":"https:\/\/mspontocom.com.br\/site\/wp-json\/wp\/v2\/posts"}],"about":[{"href":"https:\/\/mspontocom.com.br\/site\/wp-json\/wp\/v2\/types\/post"}],"author":[{"embeddable":true,"href":"https:\/\/mspontocom.com.br\/site\/wp-json\/wp\/v2\/users\/2"}],"replies":[{"embeddable":true,"href":"https:\/\/mspontocom.com.br\/site\/wp-json\/wp\/v2\/comments?post=180569"}],"version-history":[{"count":2,"href":"https:\/\/mspontocom.com.br\/site\/wp-json\/wp\/v2\/posts\/180569\/revisions"}],"predecessor-version":[{"id":180580,"href":"https:\/\/mspontocom.com.br\/site\/wp-json\/wp\/v2\/posts\/180569\/revisions\/180580"}],"wp:featuredmedia":[{"embeddable":true,"href":"https:\/\/mspontocom.com.br\/site\/wp-json\/wp\/v2\/media\/180579"}],"wp:attachment":[{"href":"https:\/\/mspontocom.com.br\/site\/wp-json\/wp\/v2\/media?parent=180569"}],"wp:term":[{"taxonomy":"category","embeddable":true,"href":"https:\/\/mspontocom.com.br\/site\/wp-json\/wp\/v2\/categories?post=180569"},{"taxonomy":"post_tag","embeddable":true,"href":"https:\/\/mspontocom.com.br\/site\/wp-json\/wp\/v2\/tags?post=180569"}],"curies":[{"name":"wp","href":"https:\/\/api.w.org\/{rel}","templated":true}]}}