{"id":180600,"date":"2023-04-18T13:40:01","date_gmt":"2023-04-18T17:40:01","guid":{"rendered":"https:\/\/mspontocom.com.br\/site\/?p=180600"},"modified":"2023-04-18T13:40:01","modified_gmt":"2023-04-18T17:40:01","slug":"acuado-depois-de-visita-a-china-lula-recua-de-taxar-importados","status":"publish","type":"post","link":"https:\/\/mspontocom.com.br\/site\/acuado-depois-de-visita-a-china-lula-recua-de-taxar-importados\/","title":{"rendered":"Acuado: Depois de visita \u00e0 China, Lula recua de taxar importados"},"content":{"rendered":"<p style=\"text-align: justify;\"><img loading=\"lazy\" class=\"alignnone size-full wp-image-180601\" src=\"https:\/\/mspontocom.com.br\/site\/wp-content\/uploads\/2023\/04\/site-depois-de-visita-a-china-lula-recua-de-taxar-importados-china.jpeg\" alt=\"\" width=\"1300\" height=\"691\" srcset=\"https:\/\/mspontocom.com.br\/site\/wp-content\/uploads\/2023\/04\/site-depois-de-visita-a-china-lula-recua-de-taxar-importados-china.jpeg 1300w, https:\/\/mspontocom.com.br\/site\/wp-content\/uploads\/2023\/04\/site-depois-de-visita-a-china-lula-recua-de-taxar-importados-china-260x138.jpeg 260w, https:\/\/mspontocom.com.br\/site\/wp-content\/uploads\/2023\/04\/site-depois-de-visita-a-china-lula-recua-de-taxar-importados-china-1024x544.jpeg 1024w, https:\/\/mspontocom.com.br\/site\/wp-content\/uploads\/2023\/04\/site-depois-de-visita-a-china-lula-recua-de-taxar-importados-china-768x408.jpeg 768w\" sizes=\"(max-width: 1300px) 100vw, 1300px\" \/><\/p>\n<p style=\"text-align: justify;\">Temendo a repercuss\u00e3o negativa, o governo vai recuar da taxa\u00e7\u00e3o de encomendas importadas com valores menores que US$ 50.<\/p>\n<p style=\"text-align: justify;\">O presidente Lula convocou Fernando Haddad para tratar do assunto, de acordo com a ag\u00eancia de not\u00edcias\u00a0<em>Reuters<\/em>.<\/p>\n<p style=\"text-align: justify;\"><strong>N\u00e3o \u00e9 coincid\u00eancia que esta medida foi tomada depois da visita de Lula a China.<\/strong><\/p>\n<p style=\"text-align: justify;\">De acordo Haddad, a inten\u00e7\u00e3o do governo era evitar o \u201ccontrabando\u201d.<\/p>\n<p style=\"text-align: justify;\">A medida poderia encarecer as compras feitas em sites estrangeiros, como Shein, Shopee e AliExpress.<\/p>\n<p>&nbsp;<\/p>\n","protected":false},"excerpt":{"rendered":"<p>Temendo a repercuss\u00e3o negativa, o governo vai recuar da taxa\u00e7\u00e3o de encomendas importadas com valores menores que US$ 50. O presidente Lula convocou Fernando Haddad para tratar do assunto, de acordo com a ag\u00eancia de not\u00edcias\u00a0Reuters. N\u00e3o \u00e9 coincid\u00eancia que esta medida foi tomada depois da visita de Lula a China. De acordo Haddad, a [&hellip;]<\/p>\n","protected":false},"author":2,"featured_media":180601,"comment_status":"open","ping_status":"open","sticky":false,"template":"","format":"standard","meta":{"_monsterinsights_skip_tracking":false,"_monsterinsights_sitenote_active":false,"_monsterinsights_sitenote_note":"","_monsterinsights_sitenote_category":0},"categories":[30260,7,30259],"tags":[39454,275,39455,480,3609],"aioseo_notices":[],"_links":{"self":[{"href":"https:\/\/mspontocom.com.br\/site\/wp-json\/wp\/v2\/posts\/180600"}],"collection":[{"href":"https:\/\/mspontocom.com.br\/site\/wp-json\/wp\/v2\/posts"}],"about":[{"href":"https:\/\/mspontocom.com.br\/site\/wp-json\/wp\/v2\/types\/post"}],"author":[{"embeddable":true,"href":"https:\/\/mspontocom.com.br\/site\/wp-json\/wp\/v2\/users\/2"}],"replies":[{"embeddable":true,"href":"https:\/\/mspontocom.com.br\/site\/wp-json\/wp\/v2\/comments?post=180600"}],"version-history":[{"count":1,"href":"https:\/\/mspontocom.com.br\/site\/wp-json\/wp\/v2\/posts\/180600\/revisions"}],"predecessor-version":[{"id":180602,"href":"https:\/\/mspontocom.com.br\/site\/wp-json\/wp\/v2\/posts\/180600\/revisions\/180602"}],"wp:featuredmedia":[{"embeddable":true,"href":"https:\/\/mspontocom.com.br\/site\/wp-json\/wp\/v2\/media\/180601"}],"wp:attachment":[{"href":"https:\/\/mspontocom.com.br\/site\/wp-json\/wp\/v2\/media?parent=180600"}],"wp:term":[{"taxonomy":"category","embeddable":true,"href":"https:\/\/mspontocom.com.br\/site\/wp-json\/wp\/v2\/categories?post=180600"},{"taxonomy":"post_tag","embeddable":true,"href":"https:\/\/mspontocom.com.br\/site\/wp-json\/wp\/v2\/tags?post=180600"}],"curies":[{"name":"wp","href":"https:\/\/api.w.org\/{rel}","templated":true}]}}