{"id":180747,"date":"2023-04-25T06:09:16","date_gmt":"2023-04-25T10:09:16","guid":{"rendered":"https:\/\/mspontocom.com.br\/site\/?p=180747"},"modified":"2023-04-25T06:09:16","modified_gmt":"2023-04-25T10:09:16","slug":"documento-secreto-indica-preocupacao-da-uniao-europeia-com-o-governo-lula","status":"publish","type":"post","link":"https:\/\/mspontocom.com.br\/site\/documento-secreto-indica-preocupacao-da-uniao-europeia-com-o-governo-lula\/","title":{"rendered":"Documento secreto indica preocupa\u00e7\u00e3o da Uni\u00e3o Europeia com o governo Lula"},"content":{"rendered":"<p style=\"text-align: justify;\"><img loading=\"lazy\" class=\"alignnone size-full wp-image-180759\" src=\"https:\/\/mspontocom.com.br\/site\/wp-content\/uploads\/2023\/04\/site-documento-secreto-indica-preocupacao-da-uniao-europeia-com-o-governo-lula-lula-raiva.jpg\" alt=\"\" width=\"1199\" height=\"674\" srcset=\"https:\/\/mspontocom.com.br\/site\/wp-content\/uploads\/2023\/04\/site-documento-secreto-indica-preocupacao-da-uniao-europeia-com-o-governo-lula-lula-raiva.jpg 1199w, https:\/\/mspontocom.com.br\/site\/wp-content\/uploads\/2023\/04\/site-documento-secreto-indica-preocupacao-da-uniao-europeia-com-o-governo-lula-lula-raiva-260x146.jpg 260w, https:\/\/mspontocom.com.br\/site\/wp-content\/uploads\/2023\/04\/site-documento-secreto-indica-preocupacao-da-uniao-europeia-com-o-governo-lula-lula-raiva-1024x576.jpg 1024w, https:\/\/mspontocom.com.br\/site\/wp-content\/uploads\/2023\/04\/site-documento-secreto-indica-preocupacao-da-uniao-europeia-com-o-governo-lula-lula-raiva-768x432.jpg 768w\" sizes=\"(max-width: 1199px) 100vw, 1199px\" \/><\/p>\n<p style=\"text-align: justify;\">A Uni\u00e3o Europeia est\u00e1 preocupada com a posi\u00e7\u00e3o do Brasil em rela\u00e7\u00e3o \u00e0 Guerra da Ucr\u00e2nia e com a falta de cumprimento de obriga\u00e7\u00f5es na \u00e1rea ambiental, indica um documento oficial e confidencial que trata das rela\u00e7\u00f5es do bloco europeu com quatro pa\u00edses emergentes: Brasil, Chile, Nig\u00e9ria e Cazaquist\u00e3o.<\/p>\n<p style=\"text-align: justify;\">Se as \u201cinforma\u00e7\u00f5es n\u00e3o p\u00fablicas\u201d, conforme \u00e9 dito no texto, n\u00e3o trazem informa\u00e7\u00f5es bomb\u00e1sticas, s\u00e3o um vislumbre do trabalho de bastidores da diplomacia atual e tra\u00e7am um instant\u00e2neo de como o Brasil \u00e9 visto neste momento pela Europa.<\/p>\n<p style=\"text-align: justify;\">O documento, obtido pela <strong>Folha<\/strong>, teve seu teor inicialmente divulgado pelo site de not\u00edcias americano Politico.<\/p>\n<p style=\"text-align: justify;\">O texto mostra preocupa\u00e7\u00e3o com as recentes declara\u00e7\u00f5es do petista.<\/p>\n<p style=\"text-align: justify;\">\u201cRelan\u00e7ar a parceria estrat\u00e9gica com o Brasil\u201d \u00e9 um dos pontos do documento descritos como de interesse da comunidade europeia. \u201cUE preocupada que o foco de Lula na reindustrializa\u00e7\u00e3o possa se tornar protecionista\u201d \u00e9 outro t\u00f3pico citado.<\/p>\n<p style=\"text-align: justify;\"><strong>fonte:Folha de S. Paulo, atrav\u00e9s do\u00a0blog de Bruno Giovani<\/strong><\/p>\n<p style=\"text-align: justify;\">Veja mais not\u00edcias em: <a href=\"http:\/\/www.mspontocom.com.br\/\">www.mspontocom.com.br<\/a><\/p>\n","protected":false},"excerpt":{"rendered":"<p>A Uni\u00e3o Europeia est\u00e1 preocupada com a posi\u00e7\u00e3o do Brasil em rela\u00e7\u00e3o \u00e0 Guerra da Ucr\u00e2nia e com a falta de cumprimento de obriga\u00e7\u00f5es na \u00e1rea ambiental, indica um documento oficial e confidencial que trata das rela\u00e7\u00f5es do bloco europeu com quatro pa\u00edses emergentes: Brasil, Chile, Nig\u00e9ria e Cazaquist\u00e3o. Se as \u201cinforma\u00e7\u00f5es n\u00e3o p\u00fablicas\u201d, conforme [&hellip;]<\/p>\n","protected":false},"author":2,"featured_media":180759,"comment_status":"open","ping_status":"open","sticky":false,"template":"","format":"standard","meta":{"_monsterinsights_skip_tracking":false,"_monsterinsights_sitenote_active":false,"_monsterinsights_sitenote_note":"","_monsterinsights_sitenote_category":0},"categories":[30260,7,30259,12],"tags":[21711,24166,777],"aioseo_notices":[],"_links":{"self":[{"href":"https:\/\/mspontocom.com.br\/site\/wp-json\/wp\/v2\/posts\/180747"}],"collection":[{"href":"https:\/\/mspontocom.com.br\/site\/wp-json\/wp\/v2\/posts"}],"about":[{"href":"https:\/\/mspontocom.com.br\/site\/wp-json\/wp\/v2\/types\/post"}],"author":[{"embeddable":true,"href":"https:\/\/mspontocom.com.br\/site\/wp-json\/wp\/v2\/users\/2"}],"replies":[{"embeddable":true,"href":"https:\/\/mspontocom.com.br\/site\/wp-json\/wp\/v2\/comments?post=180747"}],"version-history":[{"count":2,"href":"https:\/\/mspontocom.com.br\/site\/wp-json\/wp\/v2\/posts\/180747\/revisions"}],"predecessor-version":[{"id":180760,"href":"https:\/\/mspontocom.com.br\/site\/wp-json\/wp\/v2\/posts\/180747\/revisions\/180760"}],"wp:featuredmedia":[{"embeddable":true,"href":"https:\/\/mspontocom.com.br\/site\/wp-json\/wp\/v2\/media\/180759"}],"wp:attachment":[{"href":"https:\/\/mspontocom.com.br\/site\/wp-json\/wp\/v2\/media?parent=180747"}],"wp:term":[{"taxonomy":"category","embeddable":true,"href":"https:\/\/mspontocom.com.br\/site\/wp-json\/wp\/v2\/categories?post=180747"},{"taxonomy":"post_tag","embeddable":true,"href":"https:\/\/mspontocom.com.br\/site\/wp-json\/wp\/v2\/tags?post=180747"}],"curies":[{"name":"wp","href":"https:\/\/api.w.org\/{rel}","templated":true}]}}