{"id":180941,"date":"2023-05-03T06:28:36","date_gmt":"2023-05-03T10:28:36","guid":{"rendered":"https:\/\/mspontocom.com.br\/site\/?p=180941"},"modified":"2023-05-03T06:28:36","modified_gmt":"2023-05-03T10:28:36","slug":"juiz-da-lava-jato-de-lula-anula-condenacoes-de-sergio-cabral","status":"publish","type":"post","link":"https:\/\/mspontocom.com.br\/site\/juiz-da-lava-jato-de-lula-anula-condenacoes-de-sergio-cabral\/","title":{"rendered":"Juiz da Lava Jato de Lula anula condena\u00e7\u00f5es de Sergio Cabral"},"content":{"rendered":"<p style=\"text-align: justify;\"><img loading=\"lazy\" class=\"alignnone size-full wp-image-180943\" src=\"https:\/\/mspontocom.com.br\/site\/wp-content\/uploads\/2023\/05\/site-juiz-da-lava-jato-de-lula-anula-condenacoes-de-sergio-cabral-alipio-e1683109617388.jpg\" alt=\"\" width=\"1139\" height=\"675\" srcset=\"https:\/\/mspontocom.com.br\/site\/wp-content\/uploads\/2023\/05\/site-juiz-da-lava-jato-de-lula-anula-condenacoes-de-sergio-cabral-alipio-e1683109617388.jpg 1139w, https:\/\/mspontocom.com.br\/site\/wp-content\/uploads\/2023\/05\/site-juiz-da-lava-jato-de-lula-anula-condenacoes-de-sergio-cabral-alipio-e1683109617388-260x154.jpg 260w, https:\/\/mspontocom.com.br\/site\/wp-content\/uploads\/2023\/05\/site-juiz-da-lava-jato-de-lula-anula-condenacoes-de-sergio-cabral-alipio-e1683109617388-1024x607.jpg 1024w, https:\/\/mspontocom.com.br\/site\/wp-content\/uploads\/2023\/05\/site-juiz-da-lava-jato-de-lula-anula-condenacoes-de-sergio-cabral-alipio-e1683109617388-768x455.jpg 768w\" sizes=\"(max-width: 1139px) 100vw, 1139px\" \/><\/p>\n<p style=\"text-align: justify;\">N\u00e3o pode ser coincid\u00eancia que depois da posse de <strong>Lula<\/strong>, v\u00e1rias a\u00e7\u00f5es da Opera\u00e7\u00e3o Lava Jato foram anuladas e at\u00e9 <strong>devolu\u00e7\u00e3o de bens do megatraficante Andr\u00e9 do Rap foram determinadas.<\/strong><\/p>\n<p style=\"text-align: justify;\"><strong>Agora o cabo eleitoral de Lula,<\/strong>\u00a0 juiz Eduardo Fernando Appio, da 13\u00aa Vara Federal de Curitiba, determinou nulidade, por suposta falta de imparcialidade do ex-juiz e atual senador <strong>Sergio Moro<\/strong> \u00a0em todos os atos decis\u00f3rios dele quando era juiz, inclusive em rela\u00e7\u00e3o \u00e0 pris\u00e3o preventiva do ex-governador Sergio Cabral<\/p>\n<p style=\"text-align: justify;\">A decis\u00e3o afirma que Cabral n\u00e3o teve a garantia do devido processo legal e menciona as conversas vazadas entre Sergio Moro e Deltan Dallagnol que teriam se unido para atuar contra o acusado.<\/p>\n<p style=\"text-align: justify;\">A determina\u00e7\u00e3o tem efeito imediato e tamb\u00e9m pede que o nome de Cabral seja retirado do banco nacional de mandados, al\u00e9m de revogar qualquer restri\u00e7\u00e3o que partiu das decis\u00f5es relacionadas \u00e0 Lava Jato, em Curitiba.<\/p>\n<p style=\"text-align: justify;\">S\u00e9rgio Cabral,<strong> r\u00e9u confesso,\u00a0<\/strong> teve <strong>penas somadas que ultrapassaram 390 anos<\/strong> em v\u00e1rias condena\u00e7\u00f5es no \u00e2mbito da Opera\u00e7\u00e3o Lava Jato.<\/p>\n<p>Veja mais not\u00edcias em: <a href=\"http:\/\/www.mspontocom.com.br\/\">www.mspontocom.com.br<\/a><\/p>\n","protected":false},"excerpt":{"rendered":"<p>N\u00e3o pode ser coincid\u00eancia que depois da posse de Lula, v\u00e1rias a\u00e7\u00f5es da Opera\u00e7\u00e3o Lava Jato foram anuladas e at\u00e9 devolu\u00e7\u00e3o de bens do megatraficante Andr\u00e9 do Rap foram determinadas. Agora o cabo eleitoral de Lula,\u00a0 juiz Eduardo Fernando Appio, da 13\u00aa Vara Federal de Curitiba, determinou nulidade, por suposta falta de imparcialidade do ex-juiz [&hellip;]<\/p>\n","protected":false},"author":2,"featured_media":180943,"comment_status":"open","ping_status":"open","sticky":false,"template":"","format":"standard","meta":{"_monsterinsights_skip_tracking":false,"_monsterinsights_sitenote_active":false,"_monsterinsights_sitenote_note":"","_monsterinsights_sitenote_category":0},"categories":[30260,2528,30259],"tags":[39517,29518,39518,21419,480,23158,13828],"aioseo_notices":[],"_links":{"self":[{"href":"https:\/\/mspontocom.com.br\/site\/wp-json\/wp\/v2\/posts\/180941"}],"collection":[{"href":"https:\/\/mspontocom.com.br\/site\/wp-json\/wp\/v2\/posts"}],"about":[{"href":"https:\/\/mspontocom.com.br\/site\/wp-json\/wp\/v2\/types\/post"}],"author":[{"embeddable":true,"href":"https:\/\/mspontocom.com.br\/site\/wp-json\/wp\/v2\/users\/2"}],"replies":[{"embeddable":true,"href":"https:\/\/mspontocom.com.br\/site\/wp-json\/wp\/v2\/comments?post=180941"}],"version-history":[{"count":2,"href":"https:\/\/mspontocom.com.br\/site\/wp-json\/wp\/v2\/posts\/180941\/revisions"}],"predecessor-version":[{"id":180944,"href":"https:\/\/mspontocom.com.br\/site\/wp-json\/wp\/v2\/posts\/180941\/revisions\/180944"}],"wp:featuredmedia":[{"embeddable":true,"href":"https:\/\/mspontocom.com.br\/site\/wp-json\/wp\/v2\/media\/180943"}],"wp:attachment":[{"href":"https:\/\/mspontocom.com.br\/site\/wp-json\/wp\/v2\/media?parent=180941"}],"wp:term":[{"taxonomy":"category","embeddable":true,"href":"https:\/\/mspontocom.com.br\/site\/wp-json\/wp\/v2\/categories?post=180941"},{"taxonomy":"post_tag","embeddable":true,"href":"https:\/\/mspontocom.com.br\/site\/wp-json\/wp\/v2\/tags?post=180941"}],"curies":[{"name":"wp","href":"https:\/\/api.w.org\/{rel}","templated":true}]}}